{"id":67962,"date":"2017-09-25T07:44:38","date_gmt":"2017-09-25T10:44:38","guid":{"rendered":"http:\/\/argentinamunicipal.com.ar\/argentina\/?p=67962"},"modified":"2017-09-25T07:44:38","modified_gmt":"2017-09-25T10:44:38","slug":"abre-hoy-mercado-del-patio-paseo-gastronomico-inedito-rosario","status":"publish","type":"post","link":"http:\/\/argentinamunicipal.com.ar\/argentina\/abre-hoy-mercado-del-patio-paseo-gastronomico-inedito-rosario\/","title":{"rendered":"Abre hoy el Mercado del Patio, un paseo gastron\u00f3mico in\u00e9dito en Rosario"},"content":{"rendered":"<p>A las 19.30, habr\u00e1 una fiesta libre y gratuita. Cantar\u00e1n Soledad, Juan Carlos Baglietto, Lito Vitale y Cacho Deicas, la voz de Los Palmeras<\/p>\n<p>Hoy abrir\u00e1 sus puertas un paseo gastron\u00f3mico \u00fanico en el interior del pa\u00eds. El\u00a0Mercado del Patio\u00a0tendr\u00e1 su corte de cintas con una gran fiesta que contar\u00e1 con la participaci\u00f3n de grandes artistas populares. El predio donde funcion\u00f3 el tradicional Patio de la Madera fue reconvertido en un espacio para una oferta de 20 rubros, desplegados en 40 locales. Una propuesta fomentada desde el Estado, donde habr\u00e1 v\u00ednculo directo entre el productor y consumidor.<\/p>\n<p>Lleg\u00f3 el gran d\u00eda. A partir de las 19.30, se har\u00e1 el puntapi\u00e9 inicial de un proyecto que reconvirti\u00f3 la antigua estaci\u00f3n ferroviaria de C\u00f3rdoba y Cafferata.<\/p>\n<p>Y Rosario volver\u00e1 a ser pionera. Estar\u00e1 a la vanguardia dcon una propuesta gastron\u00f3mica sin precedentes en el interior del pa\u00eds. Los rosarinos podr\u00e1n comprar directo de manos de los productores y pasear por las mejores tiendas de sabores regionales.<\/p>\n<p>Para que la fiesta sea de todos, el corte de cinta no ser\u00e1 un mero acto protocolar. Est\u00e1 prevista una serie de espect\u00e1culos, de entrada libre y gratuita, que comenzar\u00e1n con la actuaci\u00f3n de\u00a0Soledad Pastorutti, Juan Carlos Baglietto, Lito Vitale, Jorge Fandermole y la participaci\u00f3n especial de Rub\u00e9n \u00abCacho\u00bb Deicas (Los Palmeras) entonando en conjunto las estrofas del himno nacional.<\/p>\n<p>En tanto, el cierre de todo el eacontecimiento estar\u00e1 a cargo de Kevin Johansen, que dar\u00e1 un recital abierto en un escenario emplazado en el parque lindero al Mercado del Patio, sobre calle Vera Mujica.<\/p>\n<p>\u00bfQue se podr\u00e1 encontrar en el Mercado del Patio?. Fruto del esfuerzo conjunto de los estados municipal y provincial, y el sector privado, este espacio re\u00fane un total de 40 locales, de m\u00e1s de 20 rubros alimenticios, en una superficie comercial de 2.197 metros cuadrados emplazados en el coraz\u00f3n de barrio Agote.<\/p>\n<p>En un punto estrat\u00e9gico de la ciudad, este proyecto implic\u00f3 la reconversi\u00f3n de un edificio de gran valor hist\u00f3rico y patrimonial como era el Patio de la Madera.<\/p>\n<p>La reformulaci\u00f3n de este predio emblem\u00e1tico en un paseo gastron\u00f3mico de vanguardia conllevar\u00e1, adem\u00e1s, la revitalizaci\u00f3n del barrio de la Terminal de Omnibus Mariano Moreno y su parque lindero con nuevos \u00e1rboles, c\u00e9sped y nueva iluminaci\u00f3n.<\/p>\n<p>\u00abEste nuevo proyecto que se inaugura en la ciudad viene a transformar un barrio que desde ahora ser\u00e1 punto de referencia para el turismo, como as\u00ed tambi\u00e9n a mostrar la visi\u00f3n de futuro que tiene la ciudad. Este nuevo paseo gastron\u00f3mico ser\u00e1 un moj\u00f3n a nivel nacional e internacional en esta clase de proyecto. Y estas cosas se logran gracias a la articulaci\u00f3n de los distintos niveles del Estado con el sector privado, demostrando que la ciudad avanza a partir del empuje de todos\u00bb, destac\u00f3 el gobernador Miguel Lifschitz.<\/p>\n<p>\u00abEl Mercado no solo viene a cambiar la fisonom\u00eda del ex Patio de la Madera, sino de todo el barrio. Porque estamos dotando de iluminaci\u00f3n LED a todo eAgote, al Centro Comercial Caferatta y a la Facultad de Medicina, el Hospital Centenario y a la Terminal, pero adem\u00e1s porque revitalizar\u00e1 un sector d\u00e1ndole m\u00e1s movimiento, lo que genera entornos m\u00e1s seguros\u00bb, destac\u00f3 el secretario General del municipio, Pablo Javkin.<\/p>\n<p>Por su parte, el ministro de la Producci\u00f3n santafesino, Luis Contigiani, resalt\u00f3 la importancia de seguir potenciando a los emprendedores locales y de generar nuevas fuentes de trabajo: \u00abEl esfuerzo conjunto entre el Estado y las distintas asociaciones y federaciones santafesinas deriva en la creaci\u00f3n directa de 250 puestos de trabajo. En \u00e9pocas donde vemos una fuerte retracci\u00f3n del empleo a partir de las pol\u00edticas nacionales, en Santa Fe demostramos que existe otro modelo, que piensa en los peque\u00f1os y medianos productores, que genera trabajo y m\u00e1s oportunidades\u00bb.<\/p>\n<p><strong>Horarios<\/strong><\/p>\n<p>El Mercado del Patio estar\u00e1 abierto de martes a domingo, tendr\u00e1 una oferta variada que incluir\u00e1 productos org\u00e1nicos, frutas, verduras, fiambres, vinos, carnes y pastas; es decir, todo lo necesario para completar la compra diaria familiar, sin necesidad de ir al supermercado.<\/p>\n<p>Por otro lado, los locales gastron\u00f3micos, bares, restaurantes y helader\u00edas all\u00ed ubicados har\u00e1n del lugar el entorno perfecto para un paseo familiar y tur\u00edstico.<\/p>\n<p>Contigiani volvi\u00f3 sobre un concepto que se destacar\u00e1 en el Mercado del Patio. \u00abLos locales no est\u00e1n destinados a grandes cadenas, son para los productores de nuestra provincia, para las cooperativas, para los emprendedores que d\u00eda a d\u00eda agregan valor al trabajo que se realiza en esta provincia. Es un espacio diferente, in\u00e9dito en el pa\u00eds y ocurre ac\u00e1, en Santa Fe\u00bb, subray\u00f3 el ministro.<\/p>\n<p>La iniciativa del Mercado del Patio es impulsada por la Municipalidad y el gobierno de Santa Fe, y cuenta con la asistencia t\u00e9cnica de la Fundaci\u00f3n ArgenINTA.<\/p>\n<p><strong>Lo que viene<\/strong><\/p>\n<p>Adem\u00e1s de los locales comerciales, el Mercado del Patio incluye la creaci\u00f3n de un centro de capacitaci\u00f3n e innovaci\u00f3n, que funcionar\u00e1 en el espacio hasta hace poco concesionado a un boliche bailable.<\/p>\n<p>En ese sitio, actualmente se est\u00e1 construyendo un centro de servicios, innovaci\u00f3n y tecnolog\u00eda para el sector gastron\u00f3mico, con lugares que permitan el desarrollo de cursos y talleres. Se plantea, tambi\u00e9n, una recuperaci\u00f3n y puesta en valor del actual sal\u00f3n de usos m\u00faltiples del Patio de la Madera.<\/p>\n<p>Con la puesta en marcha de los locales dedicados a la gastronom\u00eda se crear\u00e1n 250 puestos de trabajo en forma directa<\/p>\n<h6>Fuente: La capital Rosario<\/h6>\n","protected":false},"excerpt":{"rendered":"<p>A las 19.30, habr\u00e1 una fiesta libre y gratuita. Cantar\u00e1n Soledad, Juan Carlos Baglietto, Lito Vitale y Cacho Deicas, la voz de Los Palmeras<\/p>\n","protected":false},"author":2,"featured_media":67963,"comment_status":"closed","ping_status":"closed","sticky":false,"template":"","format":"standard","meta":{"footnotes":""},"categories":[2],"tags":[10],"class_list":["post-67962","post","type-post","status-publish","format-standard","has-post-thumbnail","hentry","category-informe-municipal","tag-santa-fe"],"_links":{"self":[{"href":"http:\/\/argentinamunicipal.com.ar\/argentina\/wp-json\/wp\/v2\/posts\/67962","targetHints":{"allow":["GET"]}}],"collection":[{"href":"http:\/\/argentinamunicipal.com.ar\/argentina\/wp-json\/wp\/v2\/posts"}],"about":[{"href":"http:\/\/argentinamunicipal.com.ar\/argentina\/wp-json\/wp\/v2\/types\/post"}],"author":[{"embeddable":true,"href":"http:\/\/argentinamunicipal.com.ar\/argentina\/wp-json\/wp\/v2\/users\/2"}],"replies":[{"embeddable":true,"href":"http:\/\/argentinamunicipal.com.ar\/argentina\/wp-json\/wp\/v2\/comments?post=67962"}],"version-history":[{"count":0,"href":"http:\/\/argentinamunicipal.com.ar\/argentina\/wp-json\/wp\/v2\/posts\/67962\/revisions"}],"wp:featuredmedia":[{"embeddable":true,"href":"http:\/\/argentinamunicipal.com.ar\/argentina\/wp-json\/wp\/v2\/media\/67963"}],"wp:attachment":[{"href":"http:\/\/argentinamunicipal.com.ar\/argentina\/wp-json\/wp\/v2\/media?parent=67962"}],"wp:term":[{"taxonomy":"category","embeddable":true,"href":"http:\/\/argentinamunicipal.com.ar\/argentina\/wp-json\/wp\/v2\/categories?post=67962"},{"taxonomy":"post_tag","embeddable":true,"href":"http:\/\/argentinamunicipal.com.ar\/argentina\/wp-json\/wp\/v2\/tags?post=67962"}],"curies":[{"name":"wp","href":"https:\/\/api.w.org\/{rel}","templated":true}]}}