{"id":6797,"date":"2014-04-30T16:01:55","date_gmt":"2014-04-30T19:01:55","guid":{"rendered":"http:\/\/argentinamunicipal.com.ar\/argentina\/?p=6797"},"modified":"2014-04-30T16:01:55","modified_gmt":"2014-04-30T19:01:55","slug":"bariloche-provincia-y-municipio-avanzan-en-ambicioso-proyecto-para-la-calle-mitre","status":"publish","type":"post","link":"http:\/\/argentinamunicipal.com.ar\/argentina\/bariloche-provincia-y-municipio-avanzan-en-ambicioso-proyecto-para-la-calle-mitre\/","title":{"rendered":"Bariloche: Provincia y Municipio avanzan en ambicioso proyecto para la calle Mitre"},"content":{"rendered":"<p><a href=\"http:\/\/argentinamunicipal.com.ar\/argentina\/wp-content\/uploads\/2014\/04\/16774949.jpg\"><img loading=\"lazy\" decoding=\"async\" class=\"alignleft size-full wp-image-6799\" src=\"http:\/\/argentinamunicipal.com.ar\/argentina\/wp-content\/uploads\/2014\/04\/16774949.jpg\" alt=\"16774949\" width=\"500\" height=\"335\" srcset=\"http:\/\/argentinamunicipal.com.ar\/argentina\/wp-content\/uploads\/2014\/04\/16774949.jpg 500w, http:\/\/argentinamunicipal.com.ar\/argentina\/wp-content\/uploads\/2014\/04\/16774949-300x201.jpg 300w\" sizes=\"auto, (max-width: 500px) 100vw, 500px\" \/><\/a>El Gobierno de R\u00edo Negro y el Municipio de Bariloche firmaron ayer un memorando de entendimiento, considerado como paso fundamental para continuar cumpliendo con los requisitos solicitados por el Banco Interamericano de Desarrollo (BID) para la ejecuci\u00f3n de la obra de embellecimiento de la calle Mitre. El costo de esta obra est\u00e1 estimado en m\u00e1s de U$S 9 millones de d\u00f3lares.<\/p>\n<p>El memorando fue rubricado por el ministro de Econom\u00eda de R\u00edo Negro y representante de la Unidad Provincial de Coordinaci\u00f3n y Ejecuci\u00f3n de Financiamiento Externo (UPCEFE), Alejandro Palmieri; y la intendente de la ciudad lacustre, Mar\u00eda Eugenia Martini.<\/p>\n<p>En este sentido, Palmieri, explic\u00f3 que \u201ces una de las obras en carpeta de las m\u00e1s ambiciosas que tenemos con el financiamiento del BID, destinada a la intervenci\u00f3n y puesta en valor de la arteria principal de Bariloche, la calle Mitre\u201d.<\/p>\n<p>Asimismo, el Ministro explic\u00f3 que \u201cEl BID es sumamente exigente en cuanto a pasos y requisitos y en esta obra interviene la Municipalidad, la Provincia, el Banco y los privados frentistas de la calle Mitre. La firma del Memorando significa el compromiso de actuar coordinadamente entre el sector p\u00fablico y privado\u201d.<\/p>\n<p>En cuanto a la obra, sostuvo que \u201ctransformar\u00e1 a la calle Mitre en una arteria tur\u00edstica como las que no hay en el pa\u00eds, lo cual va a demandar un fuerte compromiso de las empresas prestadoras de servicios y frentistas\u201d.<\/p>\n<p>En tanto, Palmieri record\u00f3 que \u201cesta obra ya se hab\u00eda anunciado en la anterior gesti\u00f3n de Gobierno Provincial, pero se hab\u00eda actuado mucho y mal. Ni la calle Mitre ni la licitaci\u00f3n para la ampliaci\u00f3n del Hospital Zonal de Bariloche ten\u00edan la autorizaci\u00f3n t\u00e9cnica del BID, antes de las elecciones del 2011. Eso le cost\u00f3 a esta gesti\u00f3n, volver a foja cero adem\u00e1s de recibir el reto correspondiente aunque no tuvimos responsabilidad alguna de lo que hab\u00eda sucedido\u201d.<\/p>\n<p>Al respecto, agreg\u00f3 que \u201choy se est\u00e1 avanzando como deben ser las cosas sin mentirle a nadie y sin inventar licitaciones que no existen\u201d.<\/p>\n<p>Para finalizar Palmieri anticip\u00f3 que \u201cun funcionario del BID proveniente de Espa\u00f1a nos visitar\u00e1 en Viedma para interiorizarse de los diferentes proyectos, y seguir avanzando\u201d.<\/p>\n<p>El embellecimiento de la calle Mitre se enmarca en el pr\u00e9stamo del BID denominado \u201cPrograma de Infraestructura Productiva y Tur\u00edstica para la Provincia de R\u00edo Negro\u201d y tiene como principal objetivo la mejora de la infraestructura tur\u00edstica a trav\u00e9s del proyecto \u201cPuesta en valor de la calle Mitre\u201d.<\/p>\n<p>La propuesta est\u00e1 orientada a jerarquizar la circulaci\u00f3n peatonal cre\u00e1ndose espacios de mayor calidad para el uso p\u00fablico mediante la ampliaci\u00f3n de veredas y la eliminaci\u00f3n de desniveles, canteros y otros obst\u00e1culos, manteni\u00e9ndose la circulaci\u00f3n vehicular, de marcha m\u00e1s lenta y la redistribuci\u00f3n del estacionamiento.<\/p>\n<h6>Fuente: El Cordillerano<\/h6>\n<p>&nbsp;<\/p>\n<p>&nbsp;<\/p>\n<p>&nbsp;<\/p>\n","protected":false},"excerpt":{"rendered":"<p>El Gobierno de R\u00edo Negro y el Municipio de Bariloche firmaron ayer un memorando de entendimiento, considerado como paso fundamental para continuar cumpliendo con los requisitos solicitados por el Banco Interamericano de Desarrollo (BID) para la ejecuci\u00f3n de la obra de embellecimiento de la calle Mitre. El costo de esta obra est\u00e1 estimado en m\u00e1s<\/p>\n","protected":false},"author":2,"featured_media":6799,"comment_status":"closed","ping_status":"closed","sticky":false,"template":"","format":"standard","meta":{"footnotes":""},"categories":[2],"tags":[11],"class_list":["post-6797","post","type-post","status-publish","format-standard","has-post-thumbnail","hentry","category-informe-municipal","tag-rio-negro"],"_links":{"self":[{"href":"http:\/\/argentinamunicipal.com.ar\/argentina\/wp-json\/wp\/v2\/posts\/6797","targetHints":{"allow":["GET"]}}],"collection":[{"href":"http:\/\/argentinamunicipal.com.ar\/argentina\/wp-json\/wp\/v2\/posts"}],"about":[{"href":"http:\/\/argentinamunicipal.com.ar\/argentina\/wp-json\/wp\/v2\/types\/post"}],"author":[{"embeddable":true,"href":"http:\/\/argentinamunicipal.com.ar\/argentina\/wp-json\/wp\/v2\/users\/2"}],"replies":[{"embeddable":true,"href":"http:\/\/argentinamunicipal.com.ar\/argentina\/wp-json\/wp\/v2\/comments?post=6797"}],"version-history":[{"count":0,"href":"http:\/\/argentinamunicipal.com.ar\/argentina\/wp-json\/wp\/v2\/posts\/6797\/revisions"}],"wp:featuredmedia":[{"embeddable":true,"href":"http:\/\/argentinamunicipal.com.ar\/argentina\/wp-json\/wp\/v2\/media\/6799"}],"wp:attachment":[{"href":"http:\/\/argentinamunicipal.com.ar\/argentina\/wp-json\/wp\/v2\/media?parent=6797"}],"wp:term":[{"taxonomy":"category","embeddable":true,"href":"http:\/\/argentinamunicipal.com.ar\/argentina\/wp-json\/wp\/v2\/categories?post=6797"},{"taxonomy":"post_tag","embeddable":true,"href":"http:\/\/argentinamunicipal.com.ar\/argentina\/wp-json\/wp\/v2\/tags?post=6797"}],"curies":[{"name":"wp","href":"https:\/\/api.w.org\/{rel}","templated":true}]}}