{"id":67981,"date":"2017-09-26T07:10:55","date_gmt":"2017-09-26T10:10:55","guid":{"rendered":"http:\/\/argentinamunicipal.com.ar\/argentina\/?p=67981"},"modified":"2017-09-26T07:10:55","modified_gmt":"2017-09-26T10:10:55","slug":"precios-cuidados-version-cambiemos-inflacion-menos-alimentos-peor-calidad","status":"publish","type":"post","link":"http:\/\/argentinamunicipal.com.ar\/argentina\/precios-cuidados-version-cambiemos-inflacion-menos-alimentos-peor-calidad\/","title":{"rendered":"Precios Cuidados versi\u00f3n Cambiemos: Inflaci\u00f3n, menos alimentos y de peor calidad"},"content":{"rendered":"<p>El Centro de Econom\u00eda Pol\u00edtica Argentina realiz\u00f3 un estudio sobre la implementaci\u00f3n del programa que se propone combatir el alza de precios para que llegue a los sectores con mayores dificultades. El gobierno nacional dispuso cambios que fueron en detrimento del objetivo inicial.<\/p>\n<p>El Centro de Econom\u00eda Pol\u00edtica Argentina llev\u00f3 a cabo un an\u00e1lisis comparativo sobre el programa de Precios Cuidados en el marco del gobierno anterior y del actual. En ese sentido, destacaron modificaciones que afectaron el objetivo inicial del plan. La versi\u00f3n de Cambiemos empeor\u00f3 desde varios aspectos.<\/p>\n<p>Entonces desde la entidad indicaron que \u201csi bien el programa Precios Cuidados fue presentado en los medios como una medida de control de precios, en efecto, se trat\u00f3 siempre de un acuerdo de precios. Con participaci\u00f3n voluntaria, el programa promov\u00eda desde sus or\u00edgenes la firma de un acuerdo de precios de determinados productos previamente conveniados, haci\u00e9ndose cargo el Estado de la difusi\u00f3n, la propaganda y la negociaci\u00f3n con otros integrantes de la cadena \u2013lo que resultaban especialmente beneficioso para las empresas m\u00e1s peque\u00f1as-\u201c.<\/p>\n<p>Luego recordaron que \u201cpor el \u00e9xito del programa, y a contramano de su propio pensamiento econ\u00f3mico en relaci\u00f3n a las causas que originan la inflaci\u00f3n, el nuevo gobierno se acogi\u00f3 a continuar con el Programa de Precios Cuidados. No obstante, se han sucedido renovaciones y variaciones en la canasta de productos que modificaron las premisas y esp\u00edritu original de este acuerdo de precios. Varias de ellas han sido sustanciales, haciendo dif\u00edcil el cumplimiento del objetivo que originalmente se ten\u00eda\u201d.<\/p>\n<p>Con respecto a las variaciones que sufri\u00f3 la propuesta, contaron que \u201cse corroboraba una canasta es sustancialmente distinta, con cerca de 100 productos menos, menos alimentos, menos variedad y definitivamente menor calidad. Adem\u00e1s, se constat\u00f3 una comercializaci\u00f3n acotada a grandes supermercados, dificultando el acceso a los consumidores del interior y de menores recursos, que suelen consumir en comercios de proximidad\u201d.<\/p>\n<p>A su vez, aseguraron que \u201cse observ\u00f3 una tendencia al reemplazo de productos l\u00edderes por productos con menor peso en el mercado, afectando el principal objetivo del Programa: acuerdos que oficien como precios de referencia. Ya se trataba de un conjunto de bienes que serv\u00edan de ancla para los precios, sino una canasta barata para pobres\u201d.<\/p>\n<p>Tambi\u00e9n se\u00f1alaron que \u201cla eliminaci\u00f3n de la propaganda y los controles a cargo del Estado (con un deliberado vaciamiento de la Secretaria de Comercio y su personal experto en el rubro), constituyeron tambi\u00e9n una de las principales falencias, ya que limitaron fuertemente el alcance del Programa, afectando a consumidores (tienen poca informaci\u00f3n y orientan su consumo a otros productos publicitados fuera del Programa) y a las empresas (eliminando el principal incentivo a participar, el de la publicidad)\u201d.<\/p>\n<h6>Fuente: InfoCielo<\/h6>\n","protected":false},"excerpt":{"rendered":"<p>El Centro de Econom\u00eda Pol\u00edtica Argentina realiz\u00f3 un estudio sobre la implementaci\u00f3n del programa que se propone combatir el alza de precios para que llegue a los sectores con mayores dificultades. <\/p>\n","protected":false},"author":2,"featured_media":67982,"comment_status":"closed","ping_status":"closed","sticky":false,"template":"","format":"standard","meta":{"footnotes":""},"categories":[8],"tags":[21],"class_list":["post-67981","post","type-post","status-publish","format-standard","has-post-thumbnail","hentry","category-informe-nacional","tag-argentina"],"_links":{"self":[{"href":"http:\/\/argentinamunicipal.com.ar\/argentina\/wp-json\/wp\/v2\/posts\/67981","targetHints":{"allow":["GET"]}}],"collection":[{"href":"http:\/\/argentinamunicipal.com.ar\/argentina\/wp-json\/wp\/v2\/posts"}],"about":[{"href":"http:\/\/argentinamunicipal.com.ar\/argentina\/wp-json\/wp\/v2\/types\/post"}],"author":[{"embeddable":true,"href":"http:\/\/argentinamunicipal.com.ar\/argentina\/wp-json\/wp\/v2\/users\/2"}],"replies":[{"embeddable":true,"href":"http:\/\/argentinamunicipal.com.ar\/argentina\/wp-json\/wp\/v2\/comments?post=67981"}],"version-history":[{"count":0,"href":"http:\/\/argentinamunicipal.com.ar\/argentina\/wp-json\/wp\/v2\/posts\/67981\/revisions"}],"wp:featuredmedia":[{"embeddable":true,"href":"http:\/\/argentinamunicipal.com.ar\/argentina\/wp-json\/wp\/v2\/media\/67982"}],"wp:attachment":[{"href":"http:\/\/argentinamunicipal.com.ar\/argentina\/wp-json\/wp\/v2\/media?parent=67981"}],"wp:term":[{"taxonomy":"category","embeddable":true,"href":"http:\/\/argentinamunicipal.com.ar\/argentina\/wp-json\/wp\/v2\/categories?post=67981"},{"taxonomy":"post_tag","embeddable":true,"href":"http:\/\/argentinamunicipal.com.ar\/argentina\/wp-json\/wp\/v2\/tags?post=67981"}],"curies":[{"name":"wp","href":"https:\/\/api.w.org\/{rel}","templated":true}]}}