{"id":68051,"date":"2017-09-27T07:20:03","date_gmt":"2017-09-27T10:20:03","guid":{"rendered":"http:\/\/argentinamunicipal.com.ar\/argentina\/?p=68051"},"modified":"2017-09-27T07:20:03","modified_gmt":"2017-09-27T10:20:03","slug":"pulseada-la-cgt","status":"publish","type":"post","link":"http:\/\/argentinamunicipal.com.ar\/argentina\/pulseada-la-cgt\/","title":{"rendered":"Pulseada en la CGT"},"content":{"rendered":"<p>Resta menos de una semana para que se re\u00fana el Comit\u00e9 Central Confederal de la CGT. El mandato original fue la redacci\u00f3n de un plan de lucha pero, desde que se reactiv\u00f3 el di\u00e1logo con el Gobierno, la pretensi\u00f3n es que los delegados se aboquen al an\u00e1lisis de lo conversado con el ministro de Trabajo, Jorge Triaca. La reuni\u00f3n, que se realizar\u00e1 en la sede de La Fraternidad, incluye adem\u00e1s la disputa interna de Gordos e independientes contra el moyanismo que, al menos en el discurso, mantiene un perfil m\u00e1s confrontativo con el gobierno de Mauricio Macri.<\/p>\n<p>De acuerdo a la cantidad de federaciones afiliadas a la central obrera, al CCC est\u00e1n habilitados 308 delegados. Gordos e independientes trabajan a destajo para garantizar la presencia de sus aliados internos y de aquellos gremios que, si bien est\u00e1n dentro de la CGT, no integran el consejo directivo. Algunos de estos sindicatos se aglutinan dentro del Movimiento de Acci\u00f3n Sindical Argentino (MASA), cuya cara visible es el taxista Omar Viviani. Otros est\u00e1n en la Corriente Federal de los Trabajadores, donde el bancario Sergio Palazzo aparece como una de sus cabezas visibles. Pero tambi\u00e9n est\u00e1n aquellos que, raleados de las conducciones cegetistas de estos \u00faltimos a\u00f1os, se refugiaron en las 62 Organizaciones. Con estos tambi\u00e9n hay di\u00e1logo, pese a que mantienen su cercan\u00eda con el macrismo incluso tras la muerte de su \u00faltimo conductor, Ger\u00f3nimo \u201cMomo\u201d Venegas.<\/p>\n<p>En las \u00faltimas horas el rumor m\u00e1s fuerte que circul\u00f3 en los mentideros sindicales fue la decisi\u00f3n del camionero Pablo Moyano de autoexcluirse del CCC. Aunque la versi\u00f3n del faltazo tambi\u00e9n incluye a su hermano Facundo (peajes), lo cierto es que varios dirigentes de federaciones aliadas a los Moyano confirmaron a P\u00e1ginaI12 que participar\u00e1n del Confederal. Una decisi\u00f3n que bien puede modificarse antes del pr\u00f3ximo martes 3 de octubre, el d\u00eda de la reuni\u00f3n del Confederal.<\/p>\n<p>Dirigentes que no comulgan con el moyanismo consideraron que su posible ausencia del CCC, como tambi\u00e9n una salida de estos gremios de la CGT para organizar una central propia, no debilitar\u00e1 a la que hoy conduce el triunvirato integrado por H\u00e9ctor Daer, Juan Carlos Schmid y Carlos Acu\u00f1a. \u201cUn retiro de los gremios que le responden a Moyano significar\u00e1 el retorno de todos aquellos que hoy integran el MASA\u201d, dijeron dirigentes cegetistas.<\/p>\n<p>El MASA mantiene intactas sus diferencias con el moyanismo, pero confirm\u00f3 que participar\u00e1 del CCC. Seg\u00fan Viviani, el debate no debe incluir cuestiones pol\u00edticas y tiene que concentrarse en \u201cla unidad y en la elaboraci\u00f3n de un programa\u201d para defender a los trabajadores \u201cen vista a los cambios que se proyectan desde el gobierno nacional en materia laboral\u201d. En cuanto a la suerte del plan de lucha, el que opin\u00f3 fue Omar Plaini (canillitas): dijo que depende del avance del di\u00e1logo con el Gobierno que, asegur\u00f3, todav\u00eda \u201cno dio respuesta a las demandas del movimiento sindical\u201d.<\/p>\n<h6>Fuente: P\u00e1gina 12<\/h6>\n","protected":false},"excerpt":{"rendered":"<p>Resta menos de una semana para que se re\u00fana el Comit\u00e9 Central Confederal de la CGT. El mandato original fue la redacci\u00f3n de un plan de lucha pero, desde que se reactiv\u00f3 el di\u00e1logo con el Gobierno<\/p>\n","protected":false},"author":2,"featured_media":68052,"comment_status":"closed","ping_status":"closed","sticky":false,"template":"","format":"standard","meta":{"footnotes":""},"categories":[8],"tags":[21],"class_list":["post-68051","post","type-post","status-publish","format-standard","has-post-thumbnail","hentry","category-informe-nacional","tag-argentina"],"_links":{"self":[{"href":"http:\/\/argentinamunicipal.com.ar\/argentina\/wp-json\/wp\/v2\/posts\/68051","targetHints":{"allow":["GET"]}}],"collection":[{"href":"http:\/\/argentinamunicipal.com.ar\/argentina\/wp-json\/wp\/v2\/posts"}],"about":[{"href":"http:\/\/argentinamunicipal.com.ar\/argentina\/wp-json\/wp\/v2\/types\/post"}],"author":[{"embeddable":true,"href":"http:\/\/argentinamunicipal.com.ar\/argentina\/wp-json\/wp\/v2\/users\/2"}],"replies":[{"embeddable":true,"href":"http:\/\/argentinamunicipal.com.ar\/argentina\/wp-json\/wp\/v2\/comments?post=68051"}],"version-history":[{"count":0,"href":"http:\/\/argentinamunicipal.com.ar\/argentina\/wp-json\/wp\/v2\/posts\/68051\/revisions"}],"wp:featuredmedia":[{"embeddable":true,"href":"http:\/\/argentinamunicipal.com.ar\/argentina\/wp-json\/wp\/v2\/media\/68052"}],"wp:attachment":[{"href":"http:\/\/argentinamunicipal.com.ar\/argentina\/wp-json\/wp\/v2\/media?parent=68051"}],"wp:term":[{"taxonomy":"category","embeddable":true,"href":"http:\/\/argentinamunicipal.com.ar\/argentina\/wp-json\/wp\/v2\/categories?post=68051"},{"taxonomy":"post_tag","embeddable":true,"href":"http:\/\/argentinamunicipal.com.ar\/argentina\/wp-json\/wp\/v2\/tags?post=68051"}],"curies":[{"name":"wp","href":"https:\/\/api.w.org\/{rel}","templated":true}]}}