{"id":68069,"date":"2017-09-27T07:44:51","date_gmt":"2017-09-27T10:44:51","guid":{"rendered":"http:\/\/argentinamunicipal.com.ar\/argentina\/?p=68069"},"modified":"2017-09-27T07:44:51","modified_gmt":"2017-09-27T10:44:51","slug":"rosario-sera-sede-una-bienal-produccion-sustentable","status":"publish","type":"post","link":"http:\/\/argentinamunicipal.com.ar\/argentina\/rosario-sera-sede-una-bienal-produccion-sustentable\/","title":{"rendered":"Rosario\u00a0ser\u00e1 sede de una bienal sobre producci\u00f3n sustentable"},"content":{"rendered":"<p>Hasta el s\u00e1bado inclusive se realizar\u00e1 la segunda edici\u00f3n del Sal\u00f3n Internacional del Ambiente Rosario (Siar) en el Galp\u00f3n de la M\u00fasica<\/p>\n<p>A partir de ma\u00f1ana y hasta el s\u00e1bado la ciudad albergar\u00e1 la segunda edici\u00f3n del Sal\u00f3n Internacional del Ambiente Rosario (Siar), una especie de bienal del ambiente pensada como punto de encuentro entre industrias y expertos que tengan como inter\u00e9s com\u00fan la b\u00fasqueda de formas de producci\u00f3n y gesti\u00f3n cada vez m\u00e1s sustentables.Los ejes del evento -que se desarrollar\u00e1 en el Galp\u00f3n de la M\u00fasica- estar\u00e1n puestos en el ambiente, las energ\u00edas renovables, la gesti\u00f3n de residuos, calidad del agua, cambio clim\u00e1tico, responsabilidad empresaria y construcci\u00f3n sustentable, un sendero de temas donde el sector p\u00fablico y el privado todav\u00eda tienen mucho por recorrer.<\/p>\n<p>\u00abLa gesti\u00f3n ambiental, la preservaci\u00f3n de los recursos naturales, la producci\u00f3n limpia y las soluciones para una transformaci\u00f3n cultural hacia modelos de desarrollo m\u00e1s justos y cuidadosos del ambiente son algunos de los objetivos de la Siar 17\u00bb se\u00f1alaron desde la Cimpar (Comisi\u00f3n P\u00fablico Privada de Sustentabilidad Ambiental), entidad organizadora del evento.<\/p>\n<p>En simult\u00e1neo tendr\u00e1 lugar el III Congreso del Agua y el XII Congreso Regional de Medio Ambiente, pensados como actividades complementarias al desarrollo de la Siar que profundizar\u00e1n sobre estos temas espec\u00edficos.<\/p>\n<p>Durante los tres d\u00edas de charlas, talleres y exposiciones de la Siar 17 (el programa completo puede consultarse en www.bienaldelambiente.com.ar) habr\u00e1 representantes de empresas, gobiernos y organizaciones sociales aportando una variedad de contenidos acad\u00e9micos, empresariales y culturales.<\/p>\n<p><strong>Energ\u00edas renovables<\/strong><\/p>\n<p>Uno de los puntos fuertes ser\u00e1 el eje de las energ\u00edas renovables, una industria que tiene todo para crecer en el pa\u00eds de la mano de los nuevos desarrollos en energ\u00eda solar, e\u00f3lica y a partir de biomasa.<\/p>\n<p>\u00abEn un creciente mercado tanto para las energ\u00edas renovables como para las aplicaciones de gesti\u00f3n ambiental, Siar 17 es el espacio para participar y generar demanda de productos y desarrollos innovadores\u00bb apuntaron desde la organizaci\u00f3n.<\/p>\n<p>Tambi\u00e9n habr\u00e1 varios paneles dedicados a la gesti\u00f3n de residuos y a diferentes experiencias urbanas sobre tratamiento de la basura, una problem\u00e1tica que \u00abnecesita gestiones inteligentes y responsables como as\u00ed tambi\u00e9n el desarrollo de nuevas tecnolog\u00edas y emprendimientos\u00bb.<\/p>\n<p>Al mismo tiempo habr\u00e1 disertaciones sobre la calidad del agua y cambio clim\u00e1tico, temas transversales sobre los cuales ning\u00fan actor (ni p\u00fablico ni privado) puede quedar al margen.<\/p>\n<p>Y finalmente habr\u00e1 un espacio dedicado a la Responsabilidad Social Empresaria (RSE).<\/p>\n<p>Uno de los platos fuertes ser\u00e1 el eje de las energ\u00edas renovables, una\u00a0industria que tiene todo para crecer en el pa\u00eds<\/p>\n<h6>Fuente: La capital Rosario<\/h6>\n","protected":false},"excerpt":{"rendered":"<p>Hasta el s\u00e1bado inclusive se realizar\u00e1 la segunda edici\u00f3n del Sal\u00f3n Internacional del Ambiente Rosario (Siar) en el Galp\u00f3n de la M\u00fasica<\/p>\n","protected":false},"author":2,"featured_media":68070,"comment_status":"closed","ping_status":"closed","sticky":false,"template":"","format":"standard","meta":{"footnotes":""},"categories":[2],"tags":[10],"class_list":["post-68069","post","type-post","status-publish","format-standard","has-post-thumbnail","hentry","category-informe-municipal","tag-santa-fe"],"_links":{"self":[{"href":"http:\/\/argentinamunicipal.com.ar\/argentina\/wp-json\/wp\/v2\/posts\/68069","targetHints":{"allow":["GET"]}}],"collection":[{"href":"http:\/\/argentinamunicipal.com.ar\/argentina\/wp-json\/wp\/v2\/posts"}],"about":[{"href":"http:\/\/argentinamunicipal.com.ar\/argentina\/wp-json\/wp\/v2\/types\/post"}],"author":[{"embeddable":true,"href":"http:\/\/argentinamunicipal.com.ar\/argentina\/wp-json\/wp\/v2\/users\/2"}],"replies":[{"embeddable":true,"href":"http:\/\/argentinamunicipal.com.ar\/argentina\/wp-json\/wp\/v2\/comments?post=68069"}],"version-history":[{"count":0,"href":"http:\/\/argentinamunicipal.com.ar\/argentina\/wp-json\/wp\/v2\/posts\/68069\/revisions"}],"wp:featuredmedia":[{"embeddable":true,"href":"http:\/\/argentinamunicipal.com.ar\/argentina\/wp-json\/wp\/v2\/media\/68070"}],"wp:attachment":[{"href":"http:\/\/argentinamunicipal.com.ar\/argentina\/wp-json\/wp\/v2\/media?parent=68069"}],"wp:term":[{"taxonomy":"category","embeddable":true,"href":"http:\/\/argentinamunicipal.com.ar\/argentina\/wp-json\/wp\/v2\/categories?post=68069"},{"taxonomy":"post_tag","embeddable":true,"href":"http:\/\/argentinamunicipal.com.ar\/argentina\/wp-json\/wp\/v2\/tags?post=68069"}],"curies":[{"name":"wp","href":"https:\/\/api.w.org\/{rel}","templated":true}]}}