{"id":68121,"date":"2017-09-28T07:03:47","date_gmt":"2017-09-28T10:03:47","guid":{"rendered":"http:\/\/argentinamunicipal.com.ar\/argentina\/?p=68121"},"modified":"2017-09-28T07:03:47","modified_gmt":"2017-09-28T10:03:47","slug":"senado-aprobo-la-prorroga-la-ley-tierras-los-pueblos-originarios","status":"publish","type":"post","link":"http:\/\/argentinamunicipal.com.ar\/argentina\/senado-aprobo-la-prorroga-la-ley-tierras-los-pueblos-originarios\/","title":{"rendered":"El Senado aprob\u00f3 la pr\u00f3rroga de la Ley de Tierras para los Pueblos Originarios"},"content":{"rendered":"<p>Ahora pasar\u00e1 a ser debatido en Diputados. La C\u00e1mara de Senadores aprob\u00f3 la pr\u00f3rroga de la suspensi\u00f3n de la Ley de Tierras ind\u00edgenas, que vence a fines de noviembre, y que impide desalojos de comunidades sometidas a procesos judiciales.<\/p>\n<p>El Senado debati\u00f3 en una sesi\u00f3n especial\u00a0la pr\u00f3rroga de la suspensi\u00f3n de desalojos\u00a0de tierras ind\u00edgenas.\u00a0La ley 26.160 dispone la suspensi\u00f3n de los desalojos de tierras ocupadas por comunidades ind\u00edgenas hasta que se realice un relevamiento de esos terrenos. La votaci\u00f3n fue un\u00e1nime, con 62 votos a favor y cero en contra.<\/p>\n<p>Si bien la\u00a0Constituci\u00f3n Nacional reconoce la preexistencia de los pueblos ind\u00edgenas\u00a0y, entre varios derechos, reconoce el derecho a la propiedad de las tierras que tradicionalmente ocupan, la Carta Magna no se cumple.<\/p>\n<p>Respecto de la ley 26.160, que fue\u00a0sancionada en 2006\u00a0y cuyo esp\u00edritu es cumplir con esa manda constitucional.<\/p>\n<p>\u00abNo queremos m\u00e1s campa\u00f1as con\u00a0periodistas pintados de amarillo\u00a0para desinformar sobre las causas reales de este conflicto\u00bb, dijo el senador Fernando \u00a0Solanas condenando el lobby medi\u00e1tico impulsado por Cambiemos.<\/p>\n<p>Con respeto a las dilaciones intencionales que buscaron sacar a los ind\u00edgenas la propiedad de sus tierras sostuvo:\u00a0\u00abHubo un pedaleo constante del tema central, que es darle la titularidad de esas tierras a los pueblos originarios\u00bb.<\/p>\n<p>\u00abPara las comunidades ind\u00edgenas la tierra tiene un valor distinto al valor mercantil del hombre blanco: es tierra sagrada\u00bb, subray\u00f3 Solanas.<\/p>\n<p>Por su lado, el senador del FpV, Marcelo Fuentes dijo:\u00a0\u00abLa intenci\u00f3n del Gobierno\u00a0era que esta ley cayera pero la conmoci\u00f3n del caso Maldonado\u00a0los llevo a entender que es necesaria\u00bb.<\/p>\n<p><strong>EL RECLAMO EN TODO EL PA\u00cdS<\/strong><br \/>\nPor su parte, integrantes de\u00a0comunidades ind\u00edgenas de Jujuy reivindicaron hoy su lucha \u00aben reguardo del territorio\u00a0y en defensa de la vida\u00bb en el marco del reclamo por la pr\u00f3rroga de la ley nacional 26.160, que es debatida por el Senado de la Naci\u00f3n.<\/p>\n<p>\u00abNos movilizamos pac\u00edficamente, como a nivel nacional, como \u00fanica forma de defender los derechos consagrados en la Constituci\u00f3n Nacional, convenios internacionales y leyes concordantes\u00bb, dijo a T\u00e9lam el referente del Consejo de Comunidades Ind\u00edgenas Llankaj Maki, Fabi\u00e1n Cruz.<\/p>\n<p>Kollas y guaran\u00edes con sus caciques marcharon por el centro de San Salvador de Jujuy por la pr\u00f3rroga de la ley 26.160,\u00a0que contempla \u00abla emergencia en materia de posesi\u00f3n y propiedad de las tierras que tradicionalmente ocupan las comunidades ind\u00edgenas originarias del pa\u00eds\u00bb y que suspende \u00abla ejecuci\u00f3n de sentencias\u00bb.<\/p>\n<p>Los manifestantes se apostaron frente a la Legislatura \u00abpara garantizar que la ley pueda ser tratada\u00bb.<\/p>\n<p>\u00abSi no se llega a prorrogar la ley quedamos desamparados totalmente, cuando hay muchas \u00f3rdenes de desalojo que est\u00e1n recibiendo las comunidades\u00bb, se\u00f1al\u00f3 Cruz.<\/p>\n<p>En la asamblea realizada esta ma\u00f1ana en la plaza de los Inmigrantes, las organizaciones instaron al Gobierno a avanzar en el relevamiento t\u00e9cnico, jur\u00eddico y castastral de los territorios ancestrales que reclaman.<\/p>\n<p>Advirtieron que, de no prorrogarse la ley, \u00abel 70 por ciento de las comunidades estar\u00e1n en riesgo de desalojo y la tierra podr\u00eda pasar a manos de extranjeros\u00bb.<\/p>\n<h6>Fuetne: InfoNews<\/h6>\n","protected":false},"excerpt":{"rendered":"<p>Ahora pasar\u00e1 a ser debatido en Diputados. La C\u00e1mara de Senadores aprob\u00f3 la pr\u00f3rroga de la suspensi\u00f3n de la Ley de Tierras ind\u00edgenas, que vence a fines de noviembre, y que impide desalojos de comunidades sometidas a procesos judiciales.<\/p>\n","protected":false},"author":2,"featured_media":68122,"comment_status":"closed","ping_status":"closed","sticky":false,"template":"","format":"standard","meta":{"footnotes":""},"categories":[8],"tags":[21],"class_list":["post-68121","post","type-post","status-publish","format-standard","has-post-thumbnail","hentry","category-informe-nacional","tag-argentina"],"_links":{"self":[{"href":"http:\/\/argentinamunicipal.com.ar\/argentina\/wp-json\/wp\/v2\/posts\/68121","targetHints":{"allow":["GET"]}}],"collection":[{"href":"http:\/\/argentinamunicipal.com.ar\/argentina\/wp-json\/wp\/v2\/posts"}],"about":[{"href":"http:\/\/argentinamunicipal.com.ar\/argentina\/wp-json\/wp\/v2\/types\/post"}],"author":[{"embeddable":true,"href":"http:\/\/argentinamunicipal.com.ar\/argentina\/wp-json\/wp\/v2\/users\/2"}],"replies":[{"embeddable":true,"href":"http:\/\/argentinamunicipal.com.ar\/argentina\/wp-json\/wp\/v2\/comments?post=68121"}],"version-history":[{"count":0,"href":"http:\/\/argentinamunicipal.com.ar\/argentina\/wp-json\/wp\/v2\/posts\/68121\/revisions"}],"wp:featuredmedia":[{"embeddable":true,"href":"http:\/\/argentinamunicipal.com.ar\/argentina\/wp-json\/wp\/v2\/media\/68122"}],"wp:attachment":[{"href":"http:\/\/argentinamunicipal.com.ar\/argentina\/wp-json\/wp\/v2\/media?parent=68121"}],"wp:term":[{"taxonomy":"category","embeddable":true,"href":"http:\/\/argentinamunicipal.com.ar\/argentina\/wp-json\/wp\/v2\/categories?post=68121"},{"taxonomy":"post_tag","embeddable":true,"href":"http:\/\/argentinamunicipal.com.ar\/argentina\/wp-json\/wp\/v2\/tags?post=68121"}],"curies":[{"name":"wp","href":"https:\/\/api.w.org\/{rel}","templated":true}]}}