{"id":68130,"date":"2017-09-28T07:22:40","date_gmt":"2017-09-28T10:22:40","guid":{"rendered":"http:\/\/argentinamunicipal.com.ar\/argentina\/?p=68130"},"modified":"2017-09-28T07:22:40","modified_gmt":"2017-09-28T10:22:40","slug":"ahora-quieren-llevar-la-experiencia-del-mercado-del-patio-todos-los-distritos-rosarinos","status":"publish","type":"post","link":"http:\/\/argentinamunicipal.com.ar\/argentina\/ahora-quieren-llevar-la-experiencia-del-mercado-del-patio-todos-los-distritos-rosarinos\/","title":{"rendered":"Ahora quieren llevar la experiencia del Mercado del Patio a todos los distritos rosarinos"},"content":{"rendered":"<p>Entusiasmado con el \u00e9xito que tuvo el proyecto, el municipio va por m\u00e1s. Ya hay sectores de Arroyito y las zonas sur y oeste en carpeta<\/p>\n<p>El gobierno municipal busca ahora replicar el proyecto del Mercado del Patio en los seis distritos de la ciudad, aunque con la impronta y particularidades propias de cada zona. Despu\u00e9s de un arranque auspicioso en los renovados galpones ferroviarios del ex Patio de la Madera, frente a la Terminal de Omnibus, el secretario General, Pablo Javkin, asegur\u00f3 ayer que el plan de extender la experiencia a otros predios de la ciudad apunta a \u00abfortalecer\u00bb a emprendedores locales.En la zona sur, por ejemplo, se piensa en un mercado de venta de pescados y carnes en la zona de la desembocadura del arroyo Saladillo, al tiempo que en Arroyito hay tratativas para reflotar lo que fue el mercado El Porvenir, en Avellaneda entre Grondona y French.<\/p>\n<p>Uno de los objetivos del proyecto es recuperar algunos edificios y sectores que tengan adem\u00e1s un potencial impacto en distintas zonas de Rosario a la hora de poder transformarlos en paseos comerciales. La idea es que m\u00e1s emprendimientos privados se vean tentados a desarrollar negocios en su entorno.<\/p>\n<p>En este sentido, Javkin explic\u00f3 que tienen en carpeta tres lugares, algunos de ellos desde hace tiempo, y otros en fase de estudio. En todos, la idea es reconvertir los sitios en mercados populares.<\/p>\n<p>El funcionario detall\u00f3 que para la zona oeste se analiza la posibilidad de radicar un mercado en donde hasta hace poco funcion\u00f3 el Banco de Alimentos (Felipe Mor\u00e9 941) y antes la Cocina Centralizada. Seg\u00fan explic\u00f3, uno de los aspectos a resolver en ese predio es la cuesti\u00f3n del acceso, adem\u00e1s de la inversi\u00f3n necesaria para que all\u00ed funcione como espacio comercial.<\/p>\n<p>En la zona sur est\u00e1 previsto que el futuro mercado se integre a la reconversi\u00f3n urbana prevista para la zona de la desembocadura del arroyo Saladillo. Se bosqueja la idea de un lugar especial para la venta de pescados y carnes.<\/p>\n<p>En tanto, el proyecto que se piensa para la zona norte vuelve sobre lo que fue d\u00e9cadas atr\u00e1s el mercado El Porvenir, que estaba situado sobre avenida Avellaneda, entre Grondona y French, en el barrio de Arroyito. Una de las trabas que existieron hasta ahora para avanzar es que esa propiedad es privada, y si bien se barajaron distintas propuestas para una recuperaci\u00f3n integral del predio, de momento se mantiene con algunos locales comerciales y cochera.<\/p>\n<p>En el resto de los distritos, en tanto, est\u00e1n bajo an\u00e1lisis algunos edificios y terrenos.<\/p>\n<p>\u00abEl objetivo com\u00fan ser\u00e1 plasmar lugares como el Mercado del Patio donde cuidar el bolsillo de la gente, acercar el productor al consumidor y convocar a emprendedores, que tenemos muchos en nuestros ferias y huertas org\u00e1nicas\u00bb, se\u00f1al\u00f3 Javkin y fue m\u00e1s all\u00e1: \u00abLa idea es recuperar parte de la historia de la ciudad\u00bb, agreg\u00f3.<\/p>\n<p>Antecedentes<\/p>\n<p>El proyecto de reproducir mercados populares en distintas zonas de la ciudad fue impulsada en el pasado sin \u00e9xito por distintos actores pol\u00edticos. La f\u00f3rmula del Mercado Patio, con locales comerciales, gastronom\u00eda y sectores de recreaci\u00f3n y ocio, parece volver a cobrar fuerza. Adem\u00e1s, se posicionan como una alternativa para mantener a numerosos peque\u00f1os emprendedores dentro un esquema m\u00e1s formal de la econom\u00eda.<\/p>\n<p>En los \u00faltimos a\u00f1os ganaron terreno iniciativas individuales y colectivas de intercambio directo entre el productor y el consumidor, potenciadas por las redes sociales y las necesidades econ\u00f3micas de acceder a diversos productos a un precio m\u00e1s econ\u00f3mico que el se oferta en las g\u00f3ndolas de supermercados.<\/p>\n<p>Para Javkin, el desarrollo de los mercados populares permitir\u00e1 a distintos productores de la ciudad y la regi\u00f3n mejorar su escala del negocio y acceder de forma diaria a consumidores de forma directa.<\/p>\n<p>En su segundo d\u00eda abierto al p\u00fablico, el Mercado del Patio sigui\u00f3 ayer con una alta afluencia de p\u00fablico. All\u00ed se mezclan \u00abclientes\u00bb del barrio con quienes van a conocer los recuperados galpones del ex Patio de la Madera.<\/p>\n<h6>Fuente: La Capital<\/h6>\n","protected":false},"excerpt":{"rendered":"<p>Entusiasmado con el \u00e9xito que tuvo el proyecto, el municipio va por m\u00e1s. Ya hay sectores de Arroyito y las zonas sur y oeste en carpeta<\/p>\n","protected":false},"author":2,"featured_media":68131,"comment_status":"closed","ping_status":"closed","sticky":false,"template":"","format":"standard","meta":{"footnotes":""},"categories":[2],"tags":[10],"class_list":["post-68130","post","type-post","status-publish","format-standard","has-post-thumbnail","hentry","category-informe-municipal","tag-santa-fe"],"_links":{"self":[{"href":"http:\/\/argentinamunicipal.com.ar\/argentina\/wp-json\/wp\/v2\/posts\/68130","targetHints":{"allow":["GET"]}}],"collection":[{"href":"http:\/\/argentinamunicipal.com.ar\/argentina\/wp-json\/wp\/v2\/posts"}],"about":[{"href":"http:\/\/argentinamunicipal.com.ar\/argentina\/wp-json\/wp\/v2\/types\/post"}],"author":[{"embeddable":true,"href":"http:\/\/argentinamunicipal.com.ar\/argentina\/wp-json\/wp\/v2\/users\/2"}],"replies":[{"embeddable":true,"href":"http:\/\/argentinamunicipal.com.ar\/argentina\/wp-json\/wp\/v2\/comments?post=68130"}],"version-history":[{"count":0,"href":"http:\/\/argentinamunicipal.com.ar\/argentina\/wp-json\/wp\/v2\/posts\/68130\/revisions"}],"wp:featuredmedia":[{"embeddable":true,"href":"http:\/\/argentinamunicipal.com.ar\/argentina\/wp-json\/wp\/v2\/media\/68131"}],"wp:attachment":[{"href":"http:\/\/argentinamunicipal.com.ar\/argentina\/wp-json\/wp\/v2\/media?parent=68130"}],"wp:term":[{"taxonomy":"category","embeddable":true,"href":"http:\/\/argentinamunicipal.com.ar\/argentina\/wp-json\/wp\/v2\/categories?post=68130"},{"taxonomy":"post_tag","embeddable":true,"href":"http:\/\/argentinamunicipal.com.ar\/argentina\/wp-json\/wp\/v2\/tags?post=68130"}],"curies":[{"name":"wp","href":"https:\/\/api.w.org\/{rel}","templated":true}]}}