{"id":68184,"date":"2017-09-29T06:55:58","date_gmt":"2017-09-29T09:55:58","guid":{"rendered":"http:\/\/argentinamunicipal.com.ar\/argentina\/?p=68184"},"modified":"2017-09-29T06:55:58","modified_gmt":"2017-09-29T09:55:58","slug":"camino-la-unidad","status":"publish","type":"post","link":"http:\/\/argentinamunicipal.com.ar\/argentina\/camino-la-unidad\/","title":{"rendered":"En el camino de la unidad"},"content":{"rendered":"<p>Los dirigentes gremiales analizaron acuerdos de cara al Comit\u00e9 Central Confederal convocado para el pr\u00f3ximo martes y buscaron avanzar en la reincorporaci\u00f3n de los sindicatos del MASA dentro de la central.<\/p>\n<p>La reuni\u00f3n de la mesa chica de la CGT con los gremios enrolados en el Movimiento de Acci\u00f3n Sindical Argentino (MASA) no s\u00f3lo sirvi\u00f3 para \u201cfijar criterios\u201d comunes con vistas al Comit\u00e9 Central Confederal que se realizar\u00e1 el pr\u00f3ximo martes. Tambi\u00e9n se utiliz\u00f3 para profundizar \u201cel proceso de unidad\u201d que llevan adelante los sectores conocidos como Gordos e independientes y que buscan reinsertar al MASA en lo que se podr\u00eda denominar como la vida institucional de la central obrera.<\/p>\n<p>El encuentro se realiz\u00f3 en la sede que la Federaci\u00f3n Argentina de Peones de Taxi, el gremio conducido por Omar Viviani, tiene en el barrio porte\u00f1o de Boedo, a una cuadra de donde estaba el viejo estadio de San Lorenzo. All\u00ed, el principal referente del MASA recibi\u00f3 a la mesa chica cegetista y, casi por sorpresa, a representantes de las 62 Organizaciones Peronistas.<\/p>\n<p>La charla gir\u00f3 primero alrededor del Confederal del martes de donde, coincidieron, no surgir\u00e1 un plan de lucha y en todo caso servir\u00e1 para hacer un an\u00e1lisis de la situaci\u00f3n que vive el sindicalismo frente a las pol\u00edticas implementadas por el gobierno nacional y, sobre todo, el di\u00e1logo que mantienen con el ministro de Trabajo, Jorge Triaca.<\/p>\n<p>Durante la conversaci\u00f3n el MASA reiter\u00f3 su compromiso de participar del Confederal a pesar de la posible presencia del moyanismo con el que mantiene profundas diferencias.<\/p>\n<p>El resto del encuentro, que dur\u00f3 cerca de cuatro horas, se lo llev\u00f3 el tan mentado proceso de unidad. \u201cHoy se produjo el puntapi\u00e9 inicial para avanzar en el camino de la unidad de la totalidad de los espacios gremiales que integran el movimiento obrero organizado. Comenz\u00f3 a transitarse un sendero com\u00fan. Pero ese gran objetivo requerir\u00e1 de un debate interno que aleje los personalismos y priorice las coincidencias y una propuesta program\u00e1tica que siempre impuls\u00f3 el MASA\u201d, indic\u00f3 con posterioridad Sergio Sasia, de la Uni\u00f3n Ferroviaria y segundo en la conducci\u00f3n del MASA.<\/p>\n<p>El detalle fue que Juan Carlos Schmid, que pertenece al universo moyanista, se retir\u00f3 temprano y eso habilit\u00f3 mayor libertad para hablar de la unidad que, para estos sectores, no incluye al moyanismo al menos en los acuerdos previos para concretarla.<\/p>\n<p>Las voces cantantes de este sector fueron Viviani y Sasia, que estuvieron acompa\u00f1ados por Norberto Di Pr\u00f3spero (legislativos) y Juan Palacios (comunicaciones-Aatrac), entre otros. Por la mesa chica de la CGT estuvieron los triunviros Schmid y Carlos Acu\u00f1a y los dirigentes Andr\u00e9s Rodr\u00edguez (UPCN), Francisco Guti\u00e9rrez (UOM), Roberto Fern\u00e1ndez (UTA), Jos\u00e9 Luis Lingeri (Obras Sanitarias) y Sergio Romero (UDA), entre otros. Por las 62 Organizaciones estuvo Ram\u00f3n Ayala, de la Uatre, y el titular de conductores de taxis, Jos\u00e9 Ibarra, que llegaron acompa\u00f1ados de otros cinco dirigentes de lo que supo ser el brazo pol\u00edtico del movimiento obrero.<\/p>\n<h6>Fuente: P\u00e1gina 12<\/h6>\n","protected":false},"excerpt":{"rendered":"<p>Los dirigentes gremiales analizaron acuerdos de cara al Comit\u00e9 Central Confederal convocado para el pr\u00f3ximo martes y buscaron avanzar en la reincorporaci\u00f3n de los sindicatos del MASA dentro de la central.<\/p>\n","protected":false},"author":2,"featured_media":68185,"comment_status":"closed","ping_status":"closed","sticky":false,"template":"","format":"standard","meta":{"footnotes":""},"categories":[8],"tags":[21],"class_list":["post-68184","post","type-post","status-publish","format-standard","has-post-thumbnail","hentry","category-informe-nacional","tag-argentina"],"_links":{"self":[{"href":"http:\/\/argentinamunicipal.com.ar\/argentina\/wp-json\/wp\/v2\/posts\/68184","targetHints":{"allow":["GET"]}}],"collection":[{"href":"http:\/\/argentinamunicipal.com.ar\/argentina\/wp-json\/wp\/v2\/posts"}],"about":[{"href":"http:\/\/argentinamunicipal.com.ar\/argentina\/wp-json\/wp\/v2\/types\/post"}],"author":[{"embeddable":true,"href":"http:\/\/argentinamunicipal.com.ar\/argentina\/wp-json\/wp\/v2\/users\/2"}],"replies":[{"embeddable":true,"href":"http:\/\/argentinamunicipal.com.ar\/argentina\/wp-json\/wp\/v2\/comments?post=68184"}],"version-history":[{"count":0,"href":"http:\/\/argentinamunicipal.com.ar\/argentina\/wp-json\/wp\/v2\/posts\/68184\/revisions"}],"wp:featuredmedia":[{"embeddable":true,"href":"http:\/\/argentinamunicipal.com.ar\/argentina\/wp-json\/wp\/v2\/media\/68185"}],"wp:attachment":[{"href":"http:\/\/argentinamunicipal.com.ar\/argentina\/wp-json\/wp\/v2\/media?parent=68184"}],"wp:term":[{"taxonomy":"category","embeddable":true,"href":"http:\/\/argentinamunicipal.com.ar\/argentina\/wp-json\/wp\/v2\/categories?post=68184"},{"taxonomy":"post_tag","embeddable":true,"href":"http:\/\/argentinamunicipal.com.ar\/argentina\/wp-json\/wp\/v2\/tags?post=68184"}],"curies":[{"name":"wp","href":"https:\/\/api.w.org\/{rel}","templated":true}]}}