{"id":68187,"date":"2017-09-29T06:58:30","date_gmt":"2017-09-29T09:58:30","guid":{"rendered":"http:\/\/argentinamunicipal.com.ar\/argentina\/?p=68187"},"modified":"2017-09-29T06:58:30","modified_gmt":"2017-09-29T09:58:30","slug":"los-salarios-segun-indec","status":"publish","type":"post","link":"http:\/\/argentinamunicipal.com.ar\/argentina\/los-salarios-segun-indec\/","title":{"rendered":"Los salarios seg\u00fan Indec"},"content":{"rendered":"<p>El \u00cdndice de Salarios del Indec registr\u00f3 en agosto un aumento del 4,8 por ciento para los trabajadores privados registrados; 2,8 por ciento entre los asalariados del sector p\u00fablico y 3,9 por ciento para el caso de los trabajadores en la informalidad. En los \u00faltimos 12 meses, la remuneraci\u00f3n de los trabajadores formales privados se elev\u00f3 31,5 por ciento, muy por encima del avance del 25,2 por ciento de los trabajadores del sector p\u00fablico. En tanto, en ocho meses los salarios del sector privado registrado crecen un 19,4 por ciento y en el sector p\u00fablico, un 15,7 por ciento. Los trabajadores no registrados evidencian un avance del 17 por ciento en lo que va del a\u00f1o. En 2016, el incremento de precios fue del 41 por ciento, mientras que el promedio de las paritarias cerr\u00f3 en el 33 por ciento, con una p\u00e9rdida de entre 6 y 8 puntos en t\u00e9rminos reales. En 2017 el panorama para los gremios es mejor pero no alcanza a recuperar lo perdido el a\u00f1o pasado e incluso, en algunos casos, se profundiza el deterioro salarial. El relevamiento de expectativas del Banco Central ubica la inflaci\u00f3n para todo el a\u00f1o en el 22\/23 por ciento, lo que supone una inflaci\u00f3n bianual del 73 por ciento.<\/p>\n<h6>Fuente: P\u00e1gina 12<\/h6>\n","protected":false},"excerpt":{"rendered":"<p>El \u00cdndice de Salarios del Indec registr\u00f3 en agosto un aumento del 4,8 por ciento para los trabajadores privados registrados; 2,8 por ciento entre los asalariados del sector p\u00fablico y 3,9 por ciento para el caso de los trabajadores en la informalidad. <\/p>\n","protected":false},"author":2,"featured_media":68188,"comment_status":"closed","ping_status":"closed","sticky":false,"template":"","format":"standard","meta":{"footnotes":""},"categories":[8],"tags":[21],"class_list":["post-68187","post","type-post","status-publish","format-standard","has-post-thumbnail","hentry","category-informe-nacional","tag-argentina"],"_links":{"self":[{"href":"http:\/\/argentinamunicipal.com.ar\/argentina\/wp-json\/wp\/v2\/posts\/68187","targetHints":{"allow":["GET"]}}],"collection":[{"href":"http:\/\/argentinamunicipal.com.ar\/argentina\/wp-json\/wp\/v2\/posts"}],"about":[{"href":"http:\/\/argentinamunicipal.com.ar\/argentina\/wp-json\/wp\/v2\/types\/post"}],"author":[{"embeddable":true,"href":"http:\/\/argentinamunicipal.com.ar\/argentina\/wp-json\/wp\/v2\/users\/2"}],"replies":[{"embeddable":true,"href":"http:\/\/argentinamunicipal.com.ar\/argentina\/wp-json\/wp\/v2\/comments?post=68187"}],"version-history":[{"count":0,"href":"http:\/\/argentinamunicipal.com.ar\/argentina\/wp-json\/wp\/v2\/posts\/68187\/revisions"}],"wp:featuredmedia":[{"embeddable":true,"href":"http:\/\/argentinamunicipal.com.ar\/argentina\/wp-json\/wp\/v2\/media\/68188"}],"wp:attachment":[{"href":"http:\/\/argentinamunicipal.com.ar\/argentina\/wp-json\/wp\/v2\/media?parent=68187"}],"wp:term":[{"taxonomy":"category","embeddable":true,"href":"http:\/\/argentinamunicipal.com.ar\/argentina\/wp-json\/wp\/v2\/categories?post=68187"},{"taxonomy":"post_tag","embeddable":true,"href":"http:\/\/argentinamunicipal.com.ar\/argentina\/wp-json\/wp\/v2\/tags?post=68187"}],"curies":[{"name":"wp","href":"https:\/\/api.w.org\/{rel}","templated":true}]}}