{"id":68193,"date":"2017-09-29T07:14:47","date_gmt":"2017-09-29T10:14:47","guid":{"rendered":"http:\/\/argentinamunicipal.com.ar\/argentina\/?p=68193"},"modified":"2017-09-29T07:14:47","modified_gmt":"2017-09-29T10:14:47","slug":"una-nueva-distincion-la-primera-latinoamerica-los-jardines-municipales-santafesinos","status":"publish","type":"post","link":"http:\/\/argentinamunicipal.com.ar\/argentina\/una-nueva-distincion-la-primera-latinoamerica-los-jardines-municipales-santafesinos\/","title":{"rendered":"Una nueva distinci\u00f3n, la primera en latinoam\u00e9rica, para los jardines municipales santafesinos"},"content":{"rendered":"<p>La pol\u00edtica educativa para la primera infancia que desarrolla el Municipio fue reconocida con el Premio Educaci\u00f3n para el Desarrollo Sustentable. Se trata del \u00fanico proyecto distinguido en Latinoam\u00e9rica por la Organizaci\u00f3n Mundial para la Educaci\u00f3n Preescolar.<\/p>\n<p>La Organizaci\u00f3n Mundial para la Educaci\u00f3n Preescolar (OMEP) premi\u00f3 a los Jardines Municipales de Santa Fe en el marco de la 8\u00b0 Competencia Anual por el Premio Educaci\u00f3n para el Desarrollo Sustentable 2017. De esta manera, la pol\u00edtica educativa para la primera infancia que impulsa el Gobierno de la Ciudad result\u00f3 la \u00fanica iniciativa distinguida en Am\u00e9rica Latina.<br \/>\nEste jueves por la tarde, el intendente Jos\u00e9 Corral recibi\u00f3 el reconocimiento en un acto que se concret\u00f3 en el Paraninfo de la Universidad Nacional del Litoral y cont\u00f3 con la participaci\u00f3n de la vicepresidente Regional para Am\u00e9rica Latina de OMEP, Mercedes Mayol Lassalle.<\/p>\n<p>La actividad se desarroll\u00f3 en el marco de la IV Conferencia \u00abInstituciones, familias y comunidad: el entorno educativo y el derecho a una educaci\u00f3n integral de la primera infancia\u00bb y cont\u00f3 con la presencia de los secretarios General, Carlos Pereira; de Gobierno, Mar\u00eda Mart\u00edn; de Educaci\u00f3n, Erika Figueroa; representantes del Movimieno Los Sin Techo; autoridades universitarias; concejales santafesinos; integrantes de la unidad tem\u00e1tica Educaci\u00f3n de Mercociudades; miembros del Consejo Econ\u00f3mico y Social; padrinos de Jardines Municipales.<\/p>\n<p><strong>Compromiso con la Educaci\u00f3n<\/strong><br \/>\n\u00abRecibir esta distinci\u00f3n de alcance global en materia de educaci\u00f3n para los m\u00e1s chicos, nos llena de orgullo y felicidad\u00bb, asegur\u00f3 Jos\u00e9 Corral y para luego enfatizar: \u00abNo es un premio para el Gobierno, sino para la ciudad de Santa Fe ya que todos apostamos a la Educaci\u00f3n y alcanzamos est\u00e1ndares elevados que son reconocidos a nivel internacional por los organismos m\u00e1s prestigiosos\u00bb. En esta l\u00ednea, el mandatario local indic\u00f3: \u00abA\u00fan queda mucho por hacer. Ratificamos el compromiso. Trabajamos para consolidar y potenciar la experiencia de los Jardines Municipales. Adem\u00e1s de los 16 que tenemos en funcionamiento, haremos uno m\u00e1s en Chalet y en Santa Marta\u00bb. Finalmente, el mandatario local subray\u00f3: \u00abSeguimos muy de cerca el desarrollo del Sistema Municipal de Educaci\u00f3n Inicial porque el objetivo es que contin\u00fae creciendo para darle lo mejor a lo que m\u00e1s lo necesitan. Estamos muy agradecidos a OMEP no s\u00f3lo porque nos han reconocido y han puesto en valor la experiencia de los Jardines. Pero, adem\u00e1s, porque nos marcan cu\u00e1les son los caminos que debemos seguir para continuar mejorando\u00bb.<\/p>\n<p><strong>Educaci\u00f3n, infancia y ciudadan\u00eda<\/strong><br \/>\nPor su parte, Mayol Lassalle asegur\u00f3 que \u00abse trata de un premio muy importante. La Ciudad ha competido con experiencias de localidades y provincias de otros 70 pa\u00edses. Gana el premio a la Educaci\u00f3n para el Desarrollo Sustentable, que est\u00e1 vinculado a los nuevos objetivos planteados por Naciones Unidas los cuales tienen que ver con brindar educaci\u00f3n de calidad que apunte a construir ciudadan\u00eda. Esta pol\u00edtica del Estado municipal de creaci\u00f3n de Jardines en Santa Fe implica abrir y ampliar la ciudadan\u00eda del ni\u00f1o garantiz\u00e1ndole la educaci\u00f3n tempranamente.<br \/>\nTanto para OMEP como para m\u00ed, es un orgullo muy grande distinguir a la ciudad de Santa Fe con este galard\u00f3n. El trabajo que se lleva adelante es valioso e importante\u00bb.<br \/>\nPor otro lado, la vicepresidente Regional para Am\u00e9rica Latina indic\u00f3: \u00abVenimos trabajando junto a la gesti\u00f3n del intendente Jos\u00e9 Corral en la experiencia de los Jardines Municipales desde hace m\u00e1s de cuatro a\u00f1os. Conocemos a la perfecci\u00f3n la iniciativa. En un primer momento, a pedido del Municipio, realizamos auditor\u00edas externas para evaluar cu\u00e1les eran los ajustes necesarios para mejorar el Sistema de Educaci\u00f3n Inicial. En la actualidad, estamos trabajando en un proceso de construcci\u00f3n participativa del dise\u00f1o curricular junto con los docentes y el personal de los Jardines, pero tambi\u00e9n con miembros de la comunidad santafesina tanto de las universidades como de los institutos de formaci\u00f3n docente y otras asociaciones civiles\u00bb.<\/p>\n<p><strong>En la agenda internacional<\/strong><br \/>\nEl reconocimiento de la OMEP Mundial a los Jardines Municipales se entreg\u00f3 originalmente en junio pasado en el marco de la 8\u00b0 Competencia Anual por el Premio Educaci\u00f3n para el Desarrollo Sustentable. En representaci\u00f3n de la Ciudad, Mayol Lassalle recibi\u00f3 este premio en el marco de la Sesi\u00f3n Plenaria de la Asamblea y Conferencia Mundial 2017, en Opatija (Croacia). Este jueves, la Vicepresidente Regional para Am\u00e9rica Latina de OMEP entreg\u00f3 a Jos\u00e9 Corral el galard\u00f3n.<br \/>\nCabe se\u00f1alar que la distinci\u00f3n incluye la presentaci\u00f3n de la iniciativa en una sesi\u00f3n paralela durante la conferencia. Asimismo, la experiencia ser\u00e1 incluida en la contribuci\u00f3n de OMEP al Programa Mundial de Acci\u00f3n (GAP) sobre la Educaci\u00f3n para el Desarrollo Sostenible (EDS) de UNESCO.<\/p>\n<p><strong>OMEP Mundial<\/strong><br \/>\nLa Organizaci\u00f3n Mundial para la Educaci\u00f3n Preescolar tuvo su lanzamiento en Praga en 1948, luego de la Segunda Guerra Mundial, a partir de un seminario de la UNESCO, y es por ello que, desde su creaci\u00f3n, est\u00e1 vinculada a las grandes organizaciones del sistema de las Naciones Unidas.<br \/>\nLa Educaci\u00f3n para el Desarrollo Sustentable (EDS) se ubica entre las prioridades m\u00e1s importantes para OMEP. Desde el a\u00f1o 2010, la OMEP ha patrocinado una competencia para proyectos sobresalientes en EDS realizados por sus miembros en todo el mundo.<\/p>\n<h6>Fuente: Uno Santa Fe<\/h6>\n","protected":false},"excerpt":{"rendered":"<p>La pol\u00edtica educativa para la primera infancia que desarrolla el Municipio fue reconocida con el Premio Educaci\u00f3n para el Desarrollo Sustentable.<\/p>\n","protected":false},"author":2,"featured_media":68194,"comment_status":"closed","ping_status":"closed","sticky":false,"template":"","format":"standard","meta":{"footnotes":""},"categories":[2],"tags":[10],"class_list":["post-68193","post","type-post","status-publish","format-standard","has-post-thumbnail","hentry","category-informe-municipal","tag-santa-fe"],"_links":{"self":[{"href":"http:\/\/argentinamunicipal.com.ar\/argentina\/wp-json\/wp\/v2\/posts\/68193","targetHints":{"allow":["GET"]}}],"collection":[{"href":"http:\/\/argentinamunicipal.com.ar\/argentina\/wp-json\/wp\/v2\/posts"}],"about":[{"href":"http:\/\/argentinamunicipal.com.ar\/argentina\/wp-json\/wp\/v2\/types\/post"}],"author":[{"embeddable":true,"href":"http:\/\/argentinamunicipal.com.ar\/argentina\/wp-json\/wp\/v2\/users\/2"}],"replies":[{"embeddable":true,"href":"http:\/\/argentinamunicipal.com.ar\/argentina\/wp-json\/wp\/v2\/comments?post=68193"}],"version-history":[{"count":0,"href":"http:\/\/argentinamunicipal.com.ar\/argentina\/wp-json\/wp\/v2\/posts\/68193\/revisions"}],"wp:featuredmedia":[{"embeddable":true,"href":"http:\/\/argentinamunicipal.com.ar\/argentina\/wp-json\/wp\/v2\/media\/68194"}],"wp:attachment":[{"href":"http:\/\/argentinamunicipal.com.ar\/argentina\/wp-json\/wp\/v2\/media?parent=68193"}],"wp:term":[{"taxonomy":"category","embeddable":true,"href":"http:\/\/argentinamunicipal.com.ar\/argentina\/wp-json\/wp\/v2\/categories?post=68193"},{"taxonomy":"post_tag","embeddable":true,"href":"http:\/\/argentinamunicipal.com.ar\/argentina\/wp-json\/wp\/v2\/tags?post=68193"}],"curies":[{"name":"wp","href":"https:\/\/api.w.org\/{rel}","templated":true}]}}