{"id":682,"date":"2014-02-12T08:40:00","date_gmt":"2014-02-12T11:40:00","guid":{"rendered":"http:\/\/argentinamunicipal.com.ar\/argentina\/?p=682"},"modified":"2014-02-12T08:41:13","modified_gmt":"2014-02-12T11:41:13","slug":"diputado-quiere-el-arsat-llegue-a-las-comunas-santafesinas","status":"publish","type":"post","link":"http:\/\/argentinamunicipal.com.ar\/argentina\/diputado-quiere-el-arsat-llegue-a-las-comunas-santafesinas\/","title":{"rendered":"Diputado quiere que el Arsat llegue a las comunas santafesinas"},"content":{"rendered":"<div id=\"attachment_683\" style=\"width: 383px\" class=\"wp-caption alignleft\"><a href=\"http:\/\/argentinamunicipal.com.ar\/argentina\/wp-content\/uploads\/2014\/02\/SLG_0281.JPG_88717827.jpg\"><img loading=\"lazy\" decoding=\"async\" aria-describedby=\"caption-attachment-683\" class=\" wp-image-683 \" alt=\"Rubeo estuvo con presidentes comunales y con referentes de la Federaci\u00f3n Argentina de Telecomunicaciones\" src=\"http:\/\/argentinamunicipal.com.ar\/argentina\/wp-content\/uploads\/2014\/02\/SLG_0281.JPG_88717827.jpg\" width=\"373\" height=\"279\" srcset=\"http:\/\/argentinamunicipal.com.ar\/argentina\/wp-content\/uploads\/2014\/02\/SLG_0281.JPG_88717827.jpg 621w, http:\/\/argentinamunicipal.com.ar\/argentina\/wp-content\/uploads\/2014\/02\/SLG_0281.JPG_88717827-300x224.jpg 300w\" sizes=\"auto, (max-width: 373px) 100vw, 373px\" \/><\/a><p id=\"caption-attachment-683\" class=\"wp-caption-text\">Rubeo estuvo con presidentes comunales y con referentes de la Federaci\u00f3n Argentina de Telecomunicaciones<\/p><\/div>\n<p>El presidente de la C\u00e1mara de Diputados de la provincia de Santa Fe, Luis Daniel Rubeo, mantuvo un encuentro con presidentes comunales y con referentes de la Federaci\u00f3n Argentina de Telecomunicaciones. \u201cComenzamos a trabajar para que llegue a las comunas en forma gratuita un terminal de fibra que permitir\u00e1 prestar servicios de internet, telefon\u00eda fija, y televisi\u00f3n\u201d, destac\u00f3 Rubeo.<\/p>\n<p>\u201cLo que intentamos aqu\u00ed es sumar a las distintas comunas al proyecto nacional Arsat para que puedan acceder a la llegada a la localidad del cableado de fibra \u00f3ptica con un terminal que permite convertir la se\u00f1al\u201d, detall\u00f3 Rubeo, y agreg\u00f3: \u201cPara recibir esta inversi\u00f3n las comunas s\u00f3lo deben proveer el terreno donde se realizar\u00e1 las instalaciones\u201d.<\/p>\n<p>El legislador tambi\u00e9n remarc\u00f3 que: \u201cEste proyecto nacional busca desarrollar a lo largo y ancho del pa\u00eds una comunicaci\u00f3n m\u00e1s equitativa. Una vez instalada la central en la localidad la comisi\u00f3n comunal decide en qu\u00e9 forma avanzar con la prestaci\u00f3n del servicio partiendo de una empresa del Estado y con la se\u00f1al que llega a trav\u00e9s de la fibra \u00f3ptica\u201d.<\/p>\n<p>El presidente de la C\u00e1mara finalmente detall\u00f3 cu\u00e1les son los objetivos del proyecto Arsat: \u201cDecidimos vincular a los presidentes comunales con los referentes de este proyecto porque lo que brinda este proyecto es una herramienta que permitir\u00e1 el desarrollo de la regi\u00f3n y potenciar\u00e1 las posibilidades de la regi\u00f3n\u201d.<\/p>\n<p>En el c\u00f3nclave estuvo en representaci\u00f3n de la Federaci\u00f3n Argentina de Telecomunicaciones Alfredo Di Pato. Adem\u00e1s asistieron los presidentes comunales de Pueblo Mu\u00f1oz, Carlos Marconi; Serodino, M\u00f3nica Stumpo; Pav\u00f3n, Jos\u00e9 \u201cPepe\u201d L\u00f3pez; Santa Teresa, Javier Menotti; y de Carmen del Sauce, Domingo Lapenta.<\/p>\n<pre>Fuente: La Capital<\/pre>\n","protected":false},"excerpt":{"rendered":"<p>El presidente de la C\u00e1mara de Diputados de la provincia de Santa Fe, Luis Daniel Rubeo, mantuvo un encuentro con presidentes comunales y con referentes de la Federaci\u00f3n Argentina de Telecomunicaciones. \u201cComenzamos a trabajar para que llegue a las comunas en forma gratuita un terminal de fibra que permitir\u00e1 prestar servicios de internet, telefon\u00eda fija,<\/p>\n","protected":false},"author":1,"featured_media":683,"comment_status":"closed","ping_status":"closed","sticky":false,"template":"","format":"standard","meta":{"footnotes":""},"categories":[2],"tags":[10],"class_list":["post-682","post","type-post","status-publish","format-standard","has-post-thumbnail","hentry","category-informe-municipal","tag-santa-fe"],"_links":{"self":[{"href":"http:\/\/argentinamunicipal.com.ar\/argentina\/wp-json\/wp\/v2\/posts\/682","targetHints":{"allow":["GET"]}}],"collection":[{"href":"http:\/\/argentinamunicipal.com.ar\/argentina\/wp-json\/wp\/v2\/posts"}],"about":[{"href":"http:\/\/argentinamunicipal.com.ar\/argentina\/wp-json\/wp\/v2\/types\/post"}],"author":[{"embeddable":true,"href":"http:\/\/argentinamunicipal.com.ar\/argentina\/wp-json\/wp\/v2\/users\/1"}],"replies":[{"embeddable":true,"href":"http:\/\/argentinamunicipal.com.ar\/argentina\/wp-json\/wp\/v2\/comments?post=682"}],"version-history":[{"count":0,"href":"http:\/\/argentinamunicipal.com.ar\/argentina\/wp-json\/wp\/v2\/posts\/682\/revisions"}],"wp:featuredmedia":[{"embeddable":true,"href":"http:\/\/argentinamunicipal.com.ar\/argentina\/wp-json\/wp\/v2\/media\/683"}],"wp:attachment":[{"href":"http:\/\/argentinamunicipal.com.ar\/argentina\/wp-json\/wp\/v2\/media?parent=682"}],"wp:term":[{"taxonomy":"category","embeddable":true,"href":"http:\/\/argentinamunicipal.com.ar\/argentina\/wp-json\/wp\/v2\/categories?post=682"},{"taxonomy":"post_tag","embeddable":true,"href":"http:\/\/argentinamunicipal.com.ar\/argentina\/wp-json\/wp\/v2\/tags?post=682"}],"curies":[{"name":"wp","href":"https:\/\/api.w.org\/{rel}","templated":true}]}}