{"id":687,"date":"2014-02-12T08:52:31","date_gmt":"2014-02-12T11:52:31","guid":{"rendered":"http:\/\/argentinamunicipal.com.ar\/argentina\/?p=687"},"modified":"2014-03-31T10:23:58","modified_gmt":"2014-03-31T13:23:58","slug":"policias-comunales-pronostico-complicado-en-la-legislatura-bonaerense","status":"publish","type":"post","link":"http:\/\/argentinamunicipal.com.ar\/argentina\/policias-comunales-pronostico-complicado-en-la-legislatura-bonaerense\/","title":{"rendered":"Polic\u00edas Comunales: pron\u00f3stico complicado en la Legislatura Bonaerense"},"content":{"rendered":"<div id=\"attachment_688\" style=\"width: 610px\" class=\"wp-caption aligncenter\"><a href=\"http:\/\/argentinamunicipal.com.ar\/argentina\/wp-content\/uploads\/2014\/02\/DATA_ART_1954965.jpg\"><img loading=\"lazy\" decoding=\"async\" aria-describedby=\"caption-attachment-688\" class=\"size-full wp-image-688\" alt=\"AVIZORAN UN ESCENARIO INCIERTO Y FUERTES DISCUSIONES EN TORNO DEL PROYECTO DE CREACI\u00d3N DE LAS FUERZAS DE SEGURIDAD LOCALES EN LOS DISTRITOS\" src=\"http:\/\/argentinamunicipal.com.ar\/argentina\/wp-content\/uploads\/2014\/02\/DATA_ART_1954965.jpg\" width=\"600\" height=\"400\" srcset=\"http:\/\/argentinamunicipal.com.ar\/argentina\/wp-content\/uploads\/2014\/02\/DATA_ART_1954965.jpg 600w, http:\/\/argentinamunicipal.com.ar\/argentina\/wp-content\/uploads\/2014\/02\/DATA_ART_1954965-300x200.jpg 300w\" sizes=\"auto, (max-width: 600px) 100vw, 600px\" \/><\/a><p id=\"caption-attachment-688\" class=\"wp-caption-text\">AVIZORAN UN ESCENARIO INCIERTO Y FUERTES DISCUSIONES EN TORNO DEL PROYECTO DE CREACI\u00d3N DE LAS FUERZAS DE SEGURIDAD LOCALES EN LOS DISTRITOS<\/p><\/div>\n<p>Hay posiciones encontradas en el propio oficialismo. \u201cEs un debate con final abierto\u201d, admiten en el FpV<\/p>\n<p>\u201cNo vamos a ser nosotros los que vayamos a impedir la aprobaci\u00f3n del proyecto\u201d. La definici\u00f3n lanzada en las \u00faltimas horas por fuentes del sciolismo, da cuenta de que el gobierno bonaerense tiene la decisi\u00f3n tomada de presentar en la Legislatura el proyecto de creaci\u00f3n de las Polic\u00edas Locales.<\/p>\n<p>Ser\u00e1, seg\u00fan anticip\u00f3 ayer el ministro de Seguridad Alejandro Granados, en las pr\u00f3ximas horas, aunque la posibilidad de que la ley sea sancionada en ambas c\u00e1maras de la Legislatura sigue generando fuertes dudas.<\/p>\n<p>En el gobierno bonaerense admiten que la decisi\u00f3n de impulsar el debate est\u00e1 tomada, pero que ese empuje pol\u00edtico quiz\u00e1s no alcance para vencer las resistencias y las distintas miradas que anidan en el propio bloque del Frente para la Victoria en relaci\u00f3n al tema.<\/p>\n<p>Las fuentes sciolistas recordaban en las \u00faltimas horas, acaso como para abrir el paraguas, que en lo que va de la gesti\u00f3n de Daniel Scioli \u201cnunca\u201d se termin\u00f3 aprobando un proyecto sin que una abrumadora mayor\u00eda del bloque oficialista lo apoyara.<\/p>\n<p>La referencia no es casual: por m\u00e1s que el Frente Renovador de Sergio Massa respalde la iniciativa -en rigor tambi\u00e9n la viene reclamando- el proyecto oficialista podr\u00eda quedar estancado si sectores del propio FpV no est\u00e1n dispuestos a aprobarlo.<\/p>\n<p>Como viene informando este diario, el ministro Granados se ha puesto al hombro el proyecto, con la premisa de que se transforme en ley lo antes posible.<\/p>\n<p>\u201cEs uno de los ejes clave de su gesti\u00f3n. Alejandro quiere que, cuando termine la gesti\u00f3n de Scioli, las Polic\u00edas Locales est\u00e9n en pleno funcionamiento\u201d, dijeron fuentes del gobierno bonaerense. De hecho, viene encabezando reuniones con intendentes con la dif\u00edcil misi\u00f3n de convencerlos de avanzar con la nueva experiencia.<\/p>\n<p>En rigor, varios de estos alcaldes est\u00e1n dispuestos a hacerse cargo del control de su propia fuerza de seguridad, pero le temen a los efectos presupuestarios que, eval\u00faan, tendr\u00e1 sobre las cuentas municipales el mantenimiento de la misma.<\/p>\n<p>En el \u00faltimo encuentro que se desarroll\u00f3 en Ezeiza, algunos intendentes propusieron la gesti\u00f3n de una reuni\u00f3n con el jefe de Gabinete Jorge Capitanich, en procura de lograr alg\u00fan compromiso de asistencia financiera nacional a las comunas que instrumenten estas polic\u00edas.<\/p>\n<p>\u201cLa Provincia va a aportar parte del sueldo de los efectivos, pero nosotros vamos a tener que pagar otra parte, m\u00e1s la compra de m\u00f3viles y equipamiento. Y hay distritos que no est\u00e1n en condiciones que absorber tama\u00f1a cantidad de gastos\u201d, le dec\u00eda ayer uno de los jefes distritales a este diario.<\/p>\n<p>La cuesti\u00f3n pol\u00edtica<\/p>\n<p>Pero los aspectos operativos de la puesta en pr\u00e1ctica de las fuerzas locales, no aparecen como los \u00fanicos obst\u00e1culos a vencer.<\/p>\n<p>\u201cEl debate tiene final abierto, porque tanto en el Frente Renovador como en el FpV hay legisladores con posiciones distintas\u201d, se dec\u00eda ayer en la Legislatura.<\/p>\n<p>Esas fuentes ampliaban: \u201cAdem\u00e1s hay intendentes que quieren una polic\u00eda aut\u00f3noma y otros pretenden que siga dependiendo de la Bonaerense\u201d.<\/p>\n<p>Y en el medio se cruzan las fuertes declaraciones de la presidenta Cristina Kirchner en enero en contra de las Polic\u00edas Locales, que, se asegura, pueden condicionar posiciones en el oficialismo.<\/p>\n<p>Granados, por su parte, insiste. Y quiere que la nueva fuerza se aut\u00f3noma de la polic\u00eda provincial y que se dedique a tareas de prevenci\u00f3n.<\/p>\n<pre>Fuente: El D\u00eda de La Plata<\/pre>\n","protected":false},"excerpt":{"rendered":"<p>Hay posiciones encontradas en el propio oficialismo. \u201cEs un debate con final abierto\u201d, admiten en el FpV \u201cNo vamos a ser nosotros los que vayamos a impedir la aprobaci\u00f3n del proyecto\u201d. La definici\u00f3n lanzada en las \u00faltimas horas por fuentes del sciolismo, da cuenta de que el gobierno bonaerense tiene la decisi\u00f3n tomada de presentar<\/p>\n","protected":false},"author":1,"featured_media":688,"comment_status":"closed","ping_status":"closed","sticky":false,"template":"","format":"standard","meta":{"footnotes":""},"categories":[49],"tags":[12],"class_list":["post-687","post","type-post","status-publish","format-standard","has-post-thumbnail","hentry","category-seguridad","tag-buenos-aires"],"_links":{"self":[{"href":"http:\/\/argentinamunicipal.com.ar\/argentina\/wp-json\/wp\/v2\/posts\/687","targetHints":{"allow":["GET"]}}],"collection":[{"href":"http:\/\/argentinamunicipal.com.ar\/argentina\/wp-json\/wp\/v2\/posts"}],"about":[{"href":"http:\/\/argentinamunicipal.com.ar\/argentina\/wp-json\/wp\/v2\/types\/post"}],"author":[{"embeddable":true,"href":"http:\/\/argentinamunicipal.com.ar\/argentina\/wp-json\/wp\/v2\/users\/1"}],"replies":[{"embeddable":true,"href":"http:\/\/argentinamunicipal.com.ar\/argentina\/wp-json\/wp\/v2\/comments?post=687"}],"version-history":[{"count":0,"href":"http:\/\/argentinamunicipal.com.ar\/argentina\/wp-json\/wp\/v2\/posts\/687\/revisions"}],"wp:featuredmedia":[{"embeddable":true,"href":"http:\/\/argentinamunicipal.com.ar\/argentina\/wp-json\/wp\/v2\/media\/688"}],"wp:attachment":[{"href":"http:\/\/argentinamunicipal.com.ar\/argentina\/wp-json\/wp\/v2\/media?parent=687"}],"wp:term":[{"taxonomy":"category","embeddable":true,"href":"http:\/\/argentinamunicipal.com.ar\/argentina\/wp-json\/wp\/v2\/categories?post=687"},{"taxonomy":"post_tag","embeddable":true,"href":"http:\/\/argentinamunicipal.com.ar\/argentina\/wp-json\/wp\/v2\/tags?post=687"}],"curies":[{"name":"wp","href":"https:\/\/api.w.org\/{rel}","templated":true}]}}