{"id":6875,"date":"2014-05-02T10:45:31","date_gmt":"2014-05-02T13:45:31","guid":{"rendered":"http:\/\/argentinamunicipal.com.ar\/argentina\/?p=6875"},"modified":"2014-05-02T10:45:31","modified_gmt":"2014-05-02T13:45:31","slug":"legisladora-destaco-la-pronta-reactivacion-de-los-servicios-del-tren-patagonico-bariloche-viedma","status":"publish","type":"post","link":"http:\/\/argentinamunicipal.com.ar\/argentina\/legisladora-destaco-la-pronta-reactivacion-de-los-servicios-del-tren-patagonico-bariloche-viedma\/","title":{"rendered":"Legisladora destac\u00f3 la pronta reactivaci\u00f3n de los servicios del Tren Patag\u00f3nico Bariloche-Viedma"},"content":{"rendered":"<p><a href=\"http:\/\/argentinamunicipal.com.ar\/argentina\/wp-content\/uploads\/2014\/05\/04.jpg\"><img loading=\"lazy\" decoding=\"async\" class=\"aligncenter size-full wp-image-6876\" src=\"http:\/\/argentinamunicipal.com.ar\/argentina\/wp-content\/uploads\/2014\/05\/04.jpg\" alt=\"viedma - 17\/08\/10 el tren patagonico rebaja el precio de sus viajes d\" width=\"600\" height=\"403\" srcset=\"http:\/\/argentinamunicipal.com.ar\/argentina\/wp-content\/uploads\/2014\/05\/04.jpg 600w, http:\/\/argentinamunicipal.com.ar\/argentina\/wp-content\/uploads\/2014\/05\/04-300x201.jpg 300w\" sizes=\"auto, (max-width: 600px) 100vw, 600px\" \/><\/a><br \/>\nLa legisladora Sandra Recalt (FpV) adelant\u00f3 que la semana que viene se estar\u00eda reactivando el servicio de pasajeros del Tren Patag\u00f3nico entre Viedma y San Carlos de Bariloche, con la presencia del ministro del Interior y Transporte, Florencio Randazzo, ya que desde esa \u00e1rea se facilitaron dos locomotoras. Inform\u00f3 que tambi\u00e9n se reactivar\u00e1 el tren de cargas, apuntando sobre todo a la salida de productos mineros como la diatomea y la piedra laja.<\/p>\n<p>Adem\u00e1s, se\u00f1al\u00f3 que desde el Directorio de la empresa \u201cvamos a seguir peleando tambi\u00e9n por la reactivaci\u00f3n del servicio desde Buenos Aires\u201d para empalmar con el provincial hasta la Zona Andina. En otro orden, confirm\u00f3 que se est\u00e1 trabajando en la Regi\u00f3n Sur en la reconstrucci\u00f3n de casas y caminos, que son las principales secuelas que dej\u00f3 el reciente temporal.<\/p>\n<p>Recalt, representante legislativa de Jacobacci, se\u00f1al\u00f3 que el temporal que azot\u00f3 recientemente gran parte de la provincia, perjudic\u00f3 especialmente la Regi\u00f3n Sur.<\/p>\n<p>Indic\u00f3 que el gobierno provincial \u201clleg\u00f3 y logr\u00f3 la contenci\u00f3n\u201d de la emergencia, destacando especialmente la actuaci\u00f3n de bomberos, polic\u00eda y Defensa Civil.<\/p>\n<p>Se\u00f1al\u00f3 que los perjuicios m\u00e1s graves en los parajes son las viviendas, fundamentalmente las que quedaron destruidas porque eran de adobe, pero \u201cestuvimos recorriendo la provincia, relevando junto al Director de H\u00e1bitat, y se est\u00e1 armando un programa de reconstrucci\u00f3n\u201d.<\/p>\n<p>Expres\u00f3 que la otra prioridad es reparar los caminos, los principales y los vecinales, especificando que \u201ctenemos muchos caminos muy complicados, el agua ha hecho cortes de hasta un metro y medio de profundidad, pero se est\u00e1 llegando a los parajes con opciones dentro de los campos\u201d.<\/p>\n<p>Dijo que la situaci\u00f3n sigue preocupando porque se avecinan tormentas, m\u00e1s all\u00e1 que no se sabe su dimensi\u00f3n, \u201cy eso volver\u00eda a entorpecer el tema de los caminos\u201d.<\/p>\n<p>Adelant\u00f3 que el objetivo de la provincia es construir las casas destruidas \u201ccon ladrillo, con material, terminando con el adobe, m\u00e1s all\u00e1 que no es f\u00e1cil que la gente de campo no vuelva su casa de toda la vida de adobe\u201d.<\/p>\n<p>Recalt adelant\u00f3 que probablemente llegue a la provincia pr\u00f3ximamente el ministro del Interior y Transporte, Florencio<\/p>\n<p>Randazzo, con motivo de la reapertura del servicio de transporte de pasajeros del Tren Patag\u00f3nico a partir las dos locomotoras cedidas por Naci\u00f3n.<\/p>\n<p>Indic\u00f3 que \u201cla gesti\u00f3n del gobernador Alberto Weretilneck ha hecho que llegaran esas m\u00e1quinas, ahora contamos en el Tren Patag\u00f3nico con seis m\u00e1quinas, estamos alquilando una m\u00e1quina que funcionaba con la carga de Alpat, la cual ya fue devuelta y estamos con la nuestra\u201d. Destac\u00f3 que adem\u00e1s del tren de pasajeros \u201cva a empezar a funcionar nuestro tren de carga\u201d para la diatomea de Jacobacci a Viedma.<\/p>\n<p>Indic\u00f3 que las recientes lluvias atrasaron tambi\u00e9n la reactivaci\u00f3n del servicio porque hubo varios cortes en las v\u00edas, incluso en algunos puntos como en Los Menucos hubo que cortar los terraplenes para que el agua pase.<\/p>\n<p>Expres\u00f3 que transportar minerales por tren \u201caliviar\u00eda el peso sobre la ruta pavimentada, la ruta 23, m\u00e1s all\u00e1 que hemos pedido las balanzas para instalar en las ciudades de donde salen camiones\u201d.<\/p>\n<p>\u201cTengo pedido a trav\u00e9s del senador Miguel Pichetto una balanza para Jacobacci, otra para Los Menucos y otra para Valcheta\u201d, enfatiz\u00f3.<\/p>\n<p>En otro orden ratific\u00f3 el compromiso con el corredor bioce\u00e1nico por la L\u00ednea Sur, tal como se plante\u00f3 hace dos semanas en la reuni\u00f3n el Directorio del Ente de Desarrollo de la Regi\u00f3n Sur.<\/p>\n<h6>Fuente: El Cordillerano<\/h6>\n","protected":false},"excerpt":{"rendered":"<p>La legisladora Sandra Recalt (FpV) adelant\u00f3 que la semana que viene se estar\u00eda reactivando el servicio de pasajeros del Tren Patag\u00f3nico entre Viedma y San Carlos de Bariloche, con la presencia del ministro del Interior y Transporte, Florencio Randazzo, ya que desde esa \u00e1rea se facilitaron dos locomotoras. Inform\u00f3 que tambi\u00e9n se reactivar\u00e1 el tren<\/p>\n","protected":false},"author":2,"featured_media":6876,"comment_status":"closed","ping_status":"closed","sticky":false,"template":"","format":"standard","meta":{"footnotes":""},"categories":[2],"tags":[11],"class_list":["post-6875","post","type-post","status-publish","format-standard","has-post-thumbnail","hentry","category-informe-municipal","tag-rio-negro"],"_links":{"self":[{"href":"http:\/\/argentinamunicipal.com.ar\/argentina\/wp-json\/wp\/v2\/posts\/6875","targetHints":{"allow":["GET"]}}],"collection":[{"href":"http:\/\/argentinamunicipal.com.ar\/argentina\/wp-json\/wp\/v2\/posts"}],"about":[{"href":"http:\/\/argentinamunicipal.com.ar\/argentina\/wp-json\/wp\/v2\/types\/post"}],"author":[{"embeddable":true,"href":"http:\/\/argentinamunicipal.com.ar\/argentina\/wp-json\/wp\/v2\/users\/2"}],"replies":[{"embeddable":true,"href":"http:\/\/argentinamunicipal.com.ar\/argentina\/wp-json\/wp\/v2\/comments?post=6875"}],"version-history":[{"count":0,"href":"http:\/\/argentinamunicipal.com.ar\/argentina\/wp-json\/wp\/v2\/posts\/6875\/revisions"}],"wp:featuredmedia":[{"embeddable":true,"href":"http:\/\/argentinamunicipal.com.ar\/argentina\/wp-json\/wp\/v2\/media\/6876"}],"wp:attachment":[{"href":"http:\/\/argentinamunicipal.com.ar\/argentina\/wp-json\/wp\/v2\/media?parent=6875"}],"wp:term":[{"taxonomy":"category","embeddable":true,"href":"http:\/\/argentinamunicipal.com.ar\/argentina\/wp-json\/wp\/v2\/categories?post=6875"},{"taxonomy":"post_tag","embeddable":true,"href":"http:\/\/argentinamunicipal.com.ar\/argentina\/wp-json\/wp\/v2\/tags?post=6875"}],"curies":[{"name":"wp","href":"https:\/\/api.w.org\/{rel}","templated":true}]}}