{"id":68789,"date":"2017-10-17T06:57:13","date_gmt":"2017-10-17T09:57:13","guid":{"rendered":"http:\/\/argentinamunicipal.com.ar\/argentina\/?p=68789"},"modified":"2017-10-17T06:57:13","modified_gmt":"2017-10-17T09:57:13","slug":"peronistas-decir-basta-ya-macri","status":"publish","type":"post","link":"http:\/\/argentinamunicipal.com.ar\/argentina\/peronistas-decir-basta-ya-macri\/","title":{"rendered":"\u201cSer peronistas es decir \u2018basta ya Macri\u2019\u201d"},"content":{"rendered":"<p>A seis d\u00edas de los comicios, la candidata a senadora encabez\u00f3 el mayor acto de la campa\u00f1a. En un mensaje dirigido al elector peronista, asegur\u00f3 que Per\u00f3n y Evita votar\u00edan a Unidad Ciudadana y que \u201cArgentina no es una sociedad an\u00f3nima\u201d.<\/p>\n<p>\u201cSer peronista es decir \u2018basta ya\u2019 Macri con tanta malaria para el pueblo\u201d, resumi\u00f3 Cristina Kirchner el mensaje que plante\u00f3 ayer en una celebraci\u00f3n adelantada del D\u00eda de la Lealtad, que le sirvi\u00f3 para realizar el mayor acto de la campa\u00f1a electoral ante un estadio de Racing repleto y vibrante. \u201cSi Per\u00f3n y Evita estuvieran vivos, \u00bfa qui\u00e9n votar\u00edan?\u201d, continu\u00f3, para responderse que \u201cEvita votar\u00eda a Cristina, Per\u00f3n a Taiana, y los dos juntos, a Unidad Ciudadana\u201d. Cerca del final, al borde de la afon\u00eda, la ex presidenta critic\u00f3 al gobierno de Cambiemos y su evidente ligaz\u00f3n con el poder econ\u00f3mico concentrado. \u201cArgentina no es de ellos, es del pueblo. Argentina no es una sociedad an\u00f3nima\u201d, sostuvo. \u201cMe quedo sin voz, pero con el coraz\u00f3n de todos ustedes\u201d, concluy\u00f3.<\/p>\n<p>\u201c\u00bfQu\u00e9 clase de d\u00eda es hoy?\u201d, arranc\u00f3 su mensaje la candidata a senadora la plataforma circular en el centro del campo de juego al que se llegaba desde el escenario a trav\u00e9s de una larga pasarela. \u201cPeronista\u201d, le respondieron desde el campo, tapizado de gente. Lo era. Por el cielo radiante y por el motivo del encuentro, adelantado un d\u00eda por el feriado. Luego de una campa\u00f1a para las primarias en la que privilegi\u00f3 el tono \u201cciudadano\u201d en busca del voto opositor independiente, para las legislativas del domingo apunt\u00f3 al elector peronista que opt\u00f3 en agosto por las listas de Sergio Massa o Florencio Randazzo. La estrategia continuar\u00e1 hasta el cierre, en recorridas por los distritos m\u00e1s populosos del Conurbano hasta el acto final en el basti\u00f3n de La Matanza.<\/p>\n<p>El estadio Presidente Per\u00f3n, que Racing construy\u00f3 gracias a un pr\u00e9stamo del primer gobierno peronista, comenz\u00f3 a recibir las columnas de militantes pasado el mediod\u00eda. Esta vez no hubo s\u00f3lo banderas argentinas sino tambi\u00e9n las de cada representaci\u00f3n ya sea agrupaciones, sindicatos o referente pol\u00edtico, entre los que se destacaron los intendentes del conurbano. Para cuando sali\u00f3 Cristina Kirchner, poco antes de las 16.30, luc\u00eda a pleno, pese al llamativo parate de la l\u00ednea Roca de trenes por un supuesto problema t\u00e9cnico. La ex presidenta hizo referencia a este hecho en su mensaje, lo mismo que a la ca\u00edda de se\u00f1al telef\u00f3nica en el estadio y alrededores que dificult\u00f3 las transmisiones. Aunque ya est\u00e1 curtida en este tipo de actos, fue visible la emoci\u00f3n en el rostro de CFK ante el recibimiento de la multitud, que los organizadores calcularon en m\u00e1s de 100 mil personas.<\/p>\n<p>La candidata a senadora se jact\u00f3 de pertenecer a un espacio que \u201chace honor a la lealtad\u201d ante un gobierno que \u201cprometi\u00f3 el oro y el moro\u201d y que no cumpli\u00f3. \u201cLa \u00fanica lealtad de Macri es a los grupos concentrados de la econom\u00eda\u201d, abund\u00f3, frente a lo que plante\u00f3 que \u201cestamos a tiempo de ponerle un l\u00edmite. De decir \u2018as\u00ed no\u2019\u201d, frase que repiti\u00f3 varias veces. Dedic\u00f3 p\u00e1rrafos a cada sector social argumentando por qu\u00e9 no deb\u00edan votar al oficialismo. Le habl\u00f3 a los estudiantes, los j\u00f3venes, los cient\u00edficos, los padres, las mujeres, los comerciantes, los trabajadores y los jubilados.<\/p>\n<p>Al dirigirse a la juventud, aprovech\u00f3 para recordar el peligro a las libertades individuales que marcaban los casos del encarcelamiento Milagro Sala y la desaparici\u00f3n de Santiago Maldonado, ambos motivo de varias banderas que colgaban de las bandejas superiores del estadio. \u201cUn joven desaparece, nadie se hace cargo y todav\u00eda no sabemos donde est\u00e1 Santiago Maldonado\u201d, subray\u00f3. \u201cSi est\u00e1s mal, no votes m\u00e1s mentiras. Si am\u00e1s a la Argentina, no votes ajuste\u201d, afirm\u00f3.<\/p>\n<p>Desde el vamos, la ex presidenta se quej\u00f3 del micr\u00f3fono. Dijo que se escuchaba \u201clenteja\u201d, con cierto retardo. Pero en el estadio se o\u00eda bien, en cambio en la transmisi\u00f3n televisiva fue un desastre. Promediando el mensaje le cambiaron el micr\u00f3fono y todo anduvo mejor. CFK consider\u00f3 que no hac\u00eda falta que prometiera que no iba a traicionar porque \u201cnunca los traicion\u00e9\u201d. Y record\u00f3 el caso de Margarita Stolbizer \u2013sin mencionarla por su nombre\u2013, actual compa\u00f1era de f\u00f3rmula de Sergio Massa y que en el 2000 fue la miembro informante del bloque de diputados de la Alianza por la ley de flexibilizaci\u00f3n laboral, que pas\u00f3 a la posteridad como ley Banelco. \u201cLos candidatos de Unidad Ciudadana jam\u00e1s van a levantar la mano contra los intereses de los trabajadores\u201d, asegur\u00f3.<\/p>\n<p>Convoc\u00f3 a la militancia a convencer a dos votantes que no la hubieran elegido en las PASO para garantizar el triunfo de Unidad Ciudadana y record\u00f3 lo de la supuesta lista de personas que Macri quiere mandar en un cohete a la Luna, que ella imagina que encabeza. \u201cNo nos vamos a la Luna, nos quedamos en nuestra patria\u201d, sostuvo.<\/p>\n<p>Antes y despu\u00e9s<br \/>\nPrevio al mensaje de Cristina Kirchner hubo una larga previa en la que se mezclaron n\u00fameros musicales y videos alusivos a la fecha peronista. Con la arenga de los conductores se coreaban consignas \u201cCristina senadora\u201d y el \u201cVamos a volver\u201d. Luego, las gradas dispuestas sobre el escenario se llenaron con los principales candidatos de Unidad Ciudadana, los intendentes peronistas bonaerenses, sindicalistas y algunos apoyos como, por ejemplo, el grupo de Curas en la Opci\u00f3n por los Pobres. Los primeros puestos en la boleta de diputados fueron anunciados de a uno hasta llegar a la cabeza de lista, Fernanda Vallejos, primera oradora de la tarde.<\/p>\n<p>\u201cNos dijeron que eran el mejor equipo en 50 a\u00f1os y en lo \u00fanico que han sido efectivos es en recortar el ingreso a los argentinos\u201d, dijo la candidata sobre el gobierno. Economista al fin, Vallejos critic\u00f3 el endeudamiento creciente y la inflaci\u00f3n. \u201cNos dijo que era lo m\u00e1s f\u00e1cil de resolver y la duplic\u00f3\u201d, dijo sobre el \u00faltimo \u00edndice del Indec.<\/p>\n<p>Jorge Taiana fue protagonista de este tramo de la campa\u00f1a dado que, como plante\u00f3 la propia CFK desde el inicio, la elecci\u00f3n del domingo ser\u00e1 para definir al tercer senador bonaerense entre el ex canciller y la macrista Gladys Gonz\u00e1lez. \u201cTenemos enfrente un gobierno que no cree en la justicia social, en la independencia econ\u00f3mica y en la soberan\u00eda pol\u00edtica\u201d, afirm\u00f3 Taiana en un discurso en\u00e9rgico. Coincidi\u00f3 con Cristina Kirchner en criticar al Gobierno por el acuerdo que firm\u00f3 el a\u00f1o pasado con el Reino Unido en el que ced\u00eda terreno sobre la defensa de los derechos en Malvinas. Dejando a un lado sus habituales modos diplom\u00e1ticos, Taiana promovi\u00f3 un par de cantitos: \u201cPatria s\u00ed, colonia no\u201d y \u201cY ya lo v\u00e9, el que no salta es un ingl\u00e9s\u201d, ambos con muy buena recepci\u00f3n. El ex canciller puso de relieve el bloque de poder nucleado alrededor del gobierno de Macri con empresarios, medios y jueces afines. Pero que, pese a eso, Unidad Ciudadana ganar\u00e1 porque \u201ctenemos la \u00fanica fuerza invencible, que es la fuerza del pueblo\u201d.<\/p>\n<p>El final del acto fue a todo baile con Cristina Kirchner movi\u00e9ndose al ritmo de una cumbia de Antonio R\u00edos y Taiana \u2013m\u00e1s contenido\u2013 ensayando alg\u00fan paso con Vallejos. La desconcentraci\u00f3n fue por la calle monse\u00f1or De Andrea camino a los micros, los autos particulares o a la estaci\u00f3n con la esperanza de que ya hubieran vuelto a funcionar los trenes. Para los cr\u00edticos, el chorip\u00e1n se pagaba: 50 pesos con salsa a elecci\u00f3n. Tambi\u00e9n se vend\u00eda merchandising kirchnerista y camisetas argentinas. A lo largo de la pared que rodea la f\u00e1brica Ferrum los murales del \u201cPaseo del Trabajo\u201d recuerdan la historia de Avellaneda, \u00edntimamente emparentada con el desarrollo industrial, los derechos laborales y el peronismo. En el \u00faltimo mural, en la esquina con Espa\u00f1a y cerca de la Universidad Nacional de Avellaneda, los militantes se fotografiaban junto al dedicado a N\u00e9stor Kirchner. \u201cInsoportablemente vivo\u201d, es la leyenda que lo acompa\u00f1a.<\/p>\n<h6>Fuente: P\u00e1gina 12<\/h6>\n","protected":false},"excerpt":{"rendered":"<p>A seis d\u00edas de los comicios, la candidata a senadora encabez\u00f3 el mayor acto de la campa\u00f1a. En un mensaje dirigido al elector peronista, asegur\u00f3 que Per\u00f3n y Evita votar\u00edan a Unidad Ciudadana y que \u201cArgentina no es una sociedad an\u00f3nima\u201d.<\/p>\n","protected":false},"author":2,"featured_media":68790,"comment_status":"closed","ping_status":"closed","sticky":false,"template":"","format":"standard","meta":{"footnotes":""},"categories":[8],"tags":[21],"class_list":["post-68789","post","type-post","status-publish","format-standard","has-post-thumbnail","hentry","category-informe-nacional","tag-argentina"],"_links":{"self":[{"href":"http:\/\/argentinamunicipal.com.ar\/argentina\/wp-json\/wp\/v2\/posts\/68789","targetHints":{"allow":["GET"]}}],"collection":[{"href":"http:\/\/argentinamunicipal.com.ar\/argentina\/wp-json\/wp\/v2\/posts"}],"about":[{"href":"http:\/\/argentinamunicipal.com.ar\/argentina\/wp-json\/wp\/v2\/types\/post"}],"author":[{"embeddable":true,"href":"http:\/\/argentinamunicipal.com.ar\/argentina\/wp-json\/wp\/v2\/users\/2"}],"replies":[{"embeddable":true,"href":"http:\/\/argentinamunicipal.com.ar\/argentina\/wp-json\/wp\/v2\/comments?post=68789"}],"version-history":[{"count":0,"href":"http:\/\/argentinamunicipal.com.ar\/argentina\/wp-json\/wp\/v2\/posts\/68789\/revisions"}],"wp:featuredmedia":[{"embeddable":true,"href":"http:\/\/argentinamunicipal.com.ar\/argentina\/wp-json\/wp\/v2\/media\/68790"}],"wp:attachment":[{"href":"http:\/\/argentinamunicipal.com.ar\/argentina\/wp-json\/wp\/v2\/media?parent=68789"}],"wp:term":[{"taxonomy":"category","embeddable":true,"href":"http:\/\/argentinamunicipal.com.ar\/argentina\/wp-json\/wp\/v2\/categories?post=68789"},{"taxonomy":"post_tag","embeddable":true,"href":"http:\/\/argentinamunicipal.com.ar\/argentina\/wp-json\/wp\/v2\/tags?post=68789"}],"curies":[{"name":"wp","href":"https:\/\/api.w.org\/{rel}","templated":true}]}}