{"id":68795,"date":"2017-10-17T07:05:38","date_gmt":"2017-10-17T10:05:38","guid":{"rendered":"http:\/\/argentinamunicipal.com.ar\/argentina\/?p=68795"},"modified":"2017-10-17T07:05:38","modified_gmt":"2017-10-17T10:05:38","slug":"sin-idea-macrismo-recibio-duras-criticas-caso-santiago-maldonado-coloquio","status":"publish","type":"post","link":"http:\/\/argentinamunicipal.com.ar\/argentina\/sin-idea-macrismo-recibio-duras-criticas-caso-santiago-maldonado-coloquio\/","title":{"rendered":"Sin IDEA: el macrismo recibi\u00f3 duras cr\u00edticas por el caso Santiago Maldonado en el coloquio"},"content":{"rendered":"<p>El Gobierno fue cruzado por el panel \u201cMillenials de la Pol\u00edtica\u201d en el coloquio de IDEA que se lleva a cabo en la ciudad balnearia de Mar del Plata.<\/p>\n<p>En el panel \u201cMillenials de la Pol\u00edtica\u201d, Matias Zalduendo critic\u00f3 la gesti\u00f3n de Cambiemos e introdujo el tema de Santiago Maldonado.<\/p>\n<p>El Secretario Nacional de la Juventud de la CTA, Matias Zalduendo critic\u00f3 duramente al gobierno nacional durante el 53\u00b0 coloquio de IDEA y mostr\u00f3 preocupaci\u00f3n\u00a0 por el\u00a0 presente y el futuro incierto de los trabajadores.<\/p>\n<p>En un panel que reuni\u00f3 a j\u00f3venes dirigentes de distintos espacios pol\u00edticos, el joven sindicalista manifest\u00f3 que \u201cen 2015 este gobierno baj\u00f3 del auto a la mitad de la gente con despidos y tarifazos\u201d y arremeti\u00f3 contra Marcos Pe\u00f1a, que estaba presente en la sala.<\/p>\n<p>\u201cEl Jefe de Gabinete tiene q explicar q significa una reforma sin etiquetas ideol\u00f3gicas. \u00bfEs el convenio con Mc\u2019Donalds con un salario por debajo del m\u00ednimo, vital y m\u00f3vil?\u00a0 \u00bfEs la reforma de Brasil que aument\u00f3 la precarizaci\u00f3n laboral? \u00bfEs la quita de Aportes patronales como hizo Cavallo que no gener\u00f3 empleo?\u201d, sentenci\u00f3.<\/p>\n<p>Por otra parte, Zalduendo irrumpi\u00f3 con el clima ap\u00e1tico que imperaba en el evento al pedir por Santiago Maldonado: \u201cComo j\u00f3venes dirigentes y este Coloquio se tiene que preguntar \u00bfD\u00f3nde Esta Santiago Maldonado? El gobierno tiene que dar una respuesta y no puede mirar para otro lado. Hay una madre que est\u00e1 desesperada buscando a su hijo\u201d.<\/p>\n<p>Por \u00faltimo, el sindicalista rememor\u00f3 el pasado de la actual ministra de seguridad durante el gobierno de De La R\u00faa cuando el moderador del panel, Carlos Pagni, les pregunt\u00f3 a los j\u00f3venes millenians por sus experiencias en la crisis del 2001: \u201ctengo el recuerdo de Patricia Bullrich recortando el 13 % a nuestros abuelos dej\u00e1ndolos sin presente y sin un futuro posible. Recuerdo a la policia reprimiendo a nuestras madres de plaza de mayo que son un s\u00edmbolo de nuestra memoria y verdad\u201d.<\/p>\n<h6>Fuente: InfoNews<\/h6>\n","protected":false},"excerpt":{"rendered":"<p>El Gobierno fue cruzado por el panel \u201cMillenials de la Pol\u00edtica\u201d en el coloquio de IDEA que se lleva a cabo en la ciudad balnearia de Mar del Plata.<\/p>\n","protected":false},"author":2,"featured_media":68796,"comment_status":"closed","ping_status":"closed","sticky":false,"template":"","format":"standard","meta":{"footnotes":""},"categories":[8],"tags":[21],"class_list":["post-68795","post","type-post","status-publish","format-standard","has-post-thumbnail","hentry","category-informe-nacional","tag-argentina"],"_links":{"self":[{"href":"http:\/\/argentinamunicipal.com.ar\/argentina\/wp-json\/wp\/v2\/posts\/68795","targetHints":{"allow":["GET"]}}],"collection":[{"href":"http:\/\/argentinamunicipal.com.ar\/argentina\/wp-json\/wp\/v2\/posts"}],"about":[{"href":"http:\/\/argentinamunicipal.com.ar\/argentina\/wp-json\/wp\/v2\/types\/post"}],"author":[{"embeddable":true,"href":"http:\/\/argentinamunicipal.com.ar\/argentina\/wp-json\/wp\/v2\/users\/2"}],"replies":[{"embeddable":true,"href":"http:\/\/argentinamunicipal.com.ar\/argentina\/wp-json\/wp\/v2\/comments?post=68795"}],"version-history":[{"count":0,"href":"http:\/\/argentinamunicipal.com.ar\/argentina\/wp-json\/wp\/v2\/posts\/68795\/revisions"}],"wp:featuredmedia":[{"embeddable":true,"href":"http:\/\/argentinamunicipal.com.ar\/argentina\/wp-json\/wp\/v2\/media\/68796"}],"wp:attachment":[{"href":"http:\/\/argentinamunicipal.com.ar\/argentina\/wp-json\/wp\/v2\/media?parent=68795"}],"wp:term":[{"taxonomy":"category","embeddable":true,"href":"http:\/\/argentinamunicipal.com.ar\/argentina\/wp-json\/wp\/v2\/categories?post=68795"},{"taxonomy":"post_tag","embeddable":true,"href":"http:\/\/argentinamunicipal.com.ar\/argentina\/wp-json\/wp\/v2\/tags?post=68795"}],"curies":[{"name":"wp","href":"https:\/\/api.w.org\/{rel}","templated":true}]}}