{"id":68798,"date":"2017-10-17T07:07:46","date_gmt":"2017-10-17T10:07:46","guid":{"rendered":"http:\/\/argentinamunicipal.com.ar\/argentina\/?p=68798"},"modified":"2017-10-17T07:07:46","modified_gmt":"2017-10-17T10:07:46","slug":"crecen-las-criticas-internacionales-traslado-milagro-sala-al-penal-alto-comedero","status":"publish","type":"post","link":"http:\/\/argentinamunicipal.com.ar\/argentina\/crecen-las-criticas-internacionales-traslado-milagro-sala-al-penal-alto-comedero\/","title":{"rendered":"Crecen las cr\u00edticas internacionales por el traslado de Milagro Sala al penal de Alto Comedero"},"content":{"rendered":"<p>El titular de la Comisi\u00f3n Interamericana de Derechos Humanos (CIDH) afirm\u00f3 que \u00abes un retroceso\u00bb la revocaci\u00f3n de la prisi\u00f3n domiciliaria de la dirigente de la agrupaci\u00f3n Tupac Amaru, quien esta ma\u00f1ana fue llevada de su casa al penal de Alto Comedero en Jujuy.<\/p>\n<p>El presidente de la\u00a0Comisi\u00f3n Interamericana de Derechos Humanos\u00a0(CIDH), Francisco Jos\u00e9 Eguiguren Praeli, se refiri\u00f3 al traslado de la dirigente de la Tupac Amaru Milagro Sala de su casa, donde cumpl\u00eda prisi\u00f3n preventiva domiciliaria, al penal de Alto Comedero, en Jujuy. \u00abEstamos preocupados, es un retroceso\u00bb, sostuvo. En el mismo sentido, se manifest\u00f3\u00a0Amnist\u00eda Internacional.<\/p>\n<p>\u00abLo veo con mucha preocupaci\u00f3n. Conocer este traslado sin duda resulta preocupante. Estamos m\u00e1s atentos y m\u00e1s preocupados para escuchar con esta reuni\u00f3n de trabajo que tendremos en estos d\u00edas. Si la medida cautelar no se cumple, tendremos que evaluar y decidir cu\u00e1l es el paso siguiente que damos\u00bb, alert\u00f3.<\/p>\n<p>En ese sentido, el presidente de la CIDH explic\u00f3 que Milagro Sala cumple una prisi\u00f3n judicial preventiva sin condena. \u00abEntendemos que la prisi\u00f3n es una medida extrema cuando hay un peligro para las investigaciones.\u00a0Aqu\u00ed no hay una condena\u00bb, enfatiz\u00f3 en el programa El fin de la met\u00e1fora por Radio 10.<br \/>\n\u00abNosotros\u00a0no nos dejamos influenciar\u00a0por ninguna cuesti\u00f3n pol\u00edtica ni simpat\u00edas ni antipat\u00edas. En Derechos Humanos hay que pararse por fuera de lo discusi\u00f3n pol\u00edtica\u00bb, finaliz\u00f3.<\/p>\n<p>Por su parte, la filial argentina de la organizaci\u00f3n defensora de los derechos humanos\u00a0Amnist\u00eda Internacional\u00a0manifest\u00f3 su \u201cprofunda preocupaci\u00f3n\u201d ante el procedimiento realizado por la justicia de Jujuy que determin\u00f3 el regreso de la dirigente social Milagro Sala al penal de Alto Comedero, y calific\u00f3 esa medida como \u201cilegal\u201d.<\/p>\n<p>\u201cAdvertimos que esta decisi\u00f3n incumple lo establecido por la Comisi\u00f3n Interamericana de Derechos Humanos. Argentina incurre en responsabilidad internacional al incumplir la medida oportunamente dictada por esa entidad\u201d, se\u00f1al\u00f3 Amnist\u00eda Argentina a trav\u00e9s de una serie de posteos publicados en la cuenta oficial de la organizaci\u00f3n en Twitter.<\/p>\n<h6>Fuente: InfoNews<\/h6>\n","protected":false},"excerpt":{"rendered":"<p>El titular de la Comisi\u00f3n Interamericana de Derechos Humanos (CIDH) afirm\u00f3 que \u00abes un retroceso\u00bb la revocaci\u00f3n de la prisi\u00f3n domiciliaria de la dirigente de la agrupaci\u00f3n Tupac Amaru, quien esta ma\u00f1ana fue llevada de su casa al penal de Alto Comedero en Jujuy.<\/p>\n","protected":false},"author":2,"featured_media":68799,"comment_status":"closed","ping_status":"closed","sticky":false,"template":"","format":"standard","meta":{"footnotes":""},"categories":[8],"tags":[21],"class_list":["post-68798","post","type-post","status-publish","format-standard","has-post-thumbnail","hentry","category-informe-nacional","tag-argentina"],"_links":{"self":[{"href":"http:\/\/argentinamunicipal.com.ar\/argentina\/wp-json\/wp\/v2\/posts\/68798","targetHints":{"allow":["GET"]}}],"collection":[{"href":"http:\/\/argentinamunicipal.com.ar\/argentina\/wp-json\/wp\/v2\/posts"}],"about":[{"href":"http:\/\/argentinamunicipal.com.ar\/argentina\/wp-json\/wp\/v2\/types\/post"}],"author":[{"embeddable":true,"href":"http:\/\/argentinamunicipal.com.ar\/argentina\/wp-json\/wp\/v2\/users\/2"}],"replies":[{"embeddable":true,"href":"http:\/\/argentinamunicipal.com.ar\/argentina\/wp-json\/wp\/v2\/comments?post=68798"}],"version-history":[{"count":0,"href":"http:\/\/argentinamunicipal.com.ar\/argentina\/wp-json\/wp\/v2\/posts\/68798\/revisions"}],"wp:featuredmedia":[{"embeddable":true,"href":"http:\/\/argentinamunicipal.com.ar\/argentina\/wp-json\/wp\/v2\/media\/68799"}],"wp:attachment":[{"href":"http:\/\/argentinamunicipal.com.ar\/argentina\/wp-json\/wp\/v2\/media?parent=68798"}],"wp:term":[{"taxonomy":"category","embeddable":true,"href":"http:\/\/argentinamunicipal.com.ar\/argentina\/wp-json\/wp\/v2\/categories?post=68798"},{"taxonomy":"post_tag","embeddable":true,"href":"http:\/\/argentinamunicipal.com.ar\/argentina\/wp-json\/wp\/v2\/tags?post=68798"}],"curies":[{"name":"wp","href":"https:\/\/api.w.org\/{rel}","templated":true}]}}