{"id":68804,"date":"2017-10-17T07:21:39","date_gmt":"2017-10-17T10:21:39","guid":{"rendered":"http:\/\/argentinamunicipal.com.ar\/argentina\/?p=68804"},"modified":"2017-10-17T07:21:39","modified_gmt":"2017-10-17T10:21:39","slug":"turismo-fin-semana-se-consolida-santa-fe","status":"publish","type":"post","link":"http:\/\/argentinamunicipal.com.ar\/argentina\/turismo-fin-semana-se-consolida-santa-fe\/","title":{"rendered":"El turismo de fin de semana se consolida en Santa Fe"},"content":{"rendered":"<p>M\u00faltiples actividades para toda la familia y servicios tur\u00edsticos de calidad hacen que cada vez m\u00e1s turistas elijan la capital provincial para realizar turismo de fin de semana largo.<\/p>\n<p>La Noche de los Museos, el recital de Jairo, la Feria de las Comunidades Ind\u00edgenas fueron algunos de los eventos destacados, que sumado a la Fiesta de Disfraces que se realiz\u00f3 en Paran\u00e1 colmaron los servicios tur\u00edsticos de la capital santafesina.<\/p>\n<p>La ciudad de Santa Fe vivi\u00f3 a pleno el fin de semana largo que conmemora el D\u00eda de Respeto a la Diversidad Cultural, con m\u00faltiples actividades para toda la familia desde el viernes 13 al s\u00e1bado 16 de octubre.<\/p>\n<p>Con un excelente clima primaveral que posibilit\u00f3 disfrutar de los espacios p\u00fablicos al aire libre, los propios santafesinos y miles de turistas disfrutaron de los atractivos tur\u00edsticos de la capital provincial y su cultura, que el pasado fin de semana tuvo el concierto de Jairo, la s\u00e9ptima edici\u00f3n de la esperada Noche de los Museos, la 23\u00ba Feria Artesanal del Mundo y Comunidades Ind\u00edgenas en la Estaci\u00f3n Belgrano, entre otras actividades.<\/p>\n<p>Adem\u00e1s, el movimiento tur\u00edstico en la regi\u00f3n por la Fiesta de Disfraces que se realiz\u00f3 ayer domingo en la ciudad de Paran\u00e1 se vio reflejado tambi\u00e9n en la ocupaci\u00f3n hotelera y demanda de servicios tur\u00edsticos de la capital santafesina.<\/p>\n<p>\u00abOtra vez promediando el a\u00f1o, Santa Fe se posiciona como una opci\u00f3n para el turismo de fin de semana y fueron unos d\u00edas excelentes para el turismo de toda la regi\u00f3n\u00bb, asegur\u00f3 la subsecretaria de Turismo Claudia Neil, y agreg\u00f3 que \u00abtanto el corredor de la ruta 1 con una ocupaci\u00f3n excelente en caba\u00f1as y servicios de n\u00e1utica, toda la ruta 11, m\u00e1s la buena ocupaci\u00f3n que tuvimos en la ciudad de Santa Fe confirman nuevamente la importancia de los fines de semana largo y la consolidaci\u00f3n de la ciudad con la enorme diversidad de actividades y propuestas que ofrece\u00bb.<\/p>\n<p><strong>Eventos para toda la familia<\/strong><\/p>\n<p>Entre las actividades destacadas, el fin de semana comenz\u00f3 con el recital gratuito que brind\u00f3 Jairo el viernes en el Molino Marconetti, donde el artista interpret\u00f3 junto a su banda temas cl\u00e1sicos de su carrera y un segmento especial dedicado a Ariel Ram\u00edrez.<\/p>\n<p>En tanto durante la noche del s\u00e1bado 53 espacios culturales invitaron a realizar diversos recorridos y a reencontrarse con las propuestas de cada lugar, en el marco de la s\u00e9ptima Noche de los Museos. La apertura del evento, que se desarroll\u00f3 entre las 19 y las 24, tuvo lugar en el Molino Marconetti donde actu\u00f3 el Coro Meridies, con un repertorio que se integr\u00f3 al ciclo de tributos a Ram\u00edrez, que comenzara el pasado viernes con el recital de Jairo; y la intervenci\u00f3n coreogr\u00e1fica \u00abUna constante\u00bb, dirigida por Jes\u00fas Guiraldi, con las intepretaciones de Juli\u00e1n Ferrari, Dayanna Quecano, Mauro Cacciatore, Luis G\u00f3mez Tuto y el propio Guiraldi, junto a Gogo como m\u00fasico invitado.<\/p>\n<p>El s\u00e1bado por la tarde, la avenida L\u00f3pez y Planes tuvo una nueva edici\u00f3n de \u00abAvenidas de Fiesta\u00bb, donde se festej\u00f3 el D\u00eda de la Madre con m\u00fasica en vivo, entretenimiento y regalos. En la Plaza Conti, la Asociaci\u00f3n de Comerciantes, Industriales, Profesionales, Amigos y Vecinos de L\u00f3pez y Planes realiz\u00f3 actividades culturales y recreativas para toda la familia.<\/p>\n<p>Adem\u00e1s, como todos los a\u00f1os para esta fecha, este fin de semana finaliz\u00f3 la 23\u00ba edici\u00f3n de la Feria Artesanal del Mundo y Comunidades Ind\u00edgenas que se realiza en la Estaci\u00f3n Belgrano y es visitada por una gran cantidad de p\u00fablico. All\u00ed se pudo apreciar las producciones de representantes de distintos pa\u00edses del mundo, comunidades abor\u00edgenes, artesanos nacionales y extranjeros. A todo ello, se sumaron puestos gastron\u00f3micos con gran variedad de comidas t\u00edpicas y espect\u00e1culos art\u00edsticos que se desarrollaron durante toda la exposici\u00f3n.<\/p>\n<p><strong>Movimiento tur\u00edstico<\/strong><\/p>\n<p>Para reflejar el movimiento tur\u00edstico, todos los fines de semana largo la Subsecretar\u00eda de Turismo del Gobierno de la Ciudad realiza relevamientos en distintos servicios y atractivos tur\u00edsticos de la zona.<\/p>\n<p>Teniendo en cuenta los atractivos tur\u00edsticos y de entretenimiento, 2186 personas asistieron al complejo Cinemark en el Ribera Shopping, 550 realizaron la visita en la Planta de Cervecer\u00eda Santa Fe y 380 el CODE; 218 realizaron el paseo en el Catamar\u00e1n Costa Litoral y 10 en La Ribere\u00f1a; 151 realizaron la visita al Parque Arqueol\u00f3gico de Santa Fe La Vieja y 62 la del Paseo del Papa Francisco en el Colegio de la Inmaculada Concepci\u00f3n.<\/p>\n<p>Con respecto a los centros de informaci\u00f3n tur\u00edstica que el Gobierno de la Ciudad tiene en diferentes puntos, consultaron 214 personas, siendo de la Provincia de Santa Fe 101 personas, de otras provincias 100 y 13 extranjeros.<\/p>\n<h6>\nFuente:\u00a0Sin Mordaza<\/h6>\n","protected":false},"excerpt":{"rendered":"<p>M\u00faltiples actividades para toda la familia y servicios tur\u00edsticos de calidad hacen que cada vez m\u00e1s turistas elijan la capital provincial para realizar turismo de fin de semana largo. <\/p>\n","protected":false},"author":2,"featured_media":68805,"comment_status":"closed","ping_status":"closed","sticky":false,"template":"","format":"standard","meta":{"footnotes":""},"categories":[2],"tags":[10],"class_list":["post-68804","post","type-post","status-publish","format-standard","has-post-thumbnail","hentry","category-informe-municipal","tag-santa-fe"],"_links":{"self":[{"href":"http:\/\/argentinamunicipal.com.ar\/argentina\/wp-json\/wp\/v2\/posts\/68804","targetHints":{"allow":["GET"]}}],"collection":[{"href":"http:\/\/argentinamunicipal.com.ar\/argentina\/wp-json\/wp\/v2\/posts"}],"about":[{"href":"http:\/\/argentinamunicipal.com.ar\/argentina\/wp-json\/wp\/v2\/types\/post"}],"author":[{"embeddable":true,"href":"http:\/\/argentinamunicipal.com.ar\/argentina\/wp-json\/wp\/v2\/users\/2"}],"replies":[{"embeddable":true,"href":"http:\/\/argentinamunicipal.com.ar\/argentina\/wp-json\/wp\/v2\/comments?post=68804"}],"version-history":[{"count":0,"href":"http:\/\/argentinamunicipal.com.ar\/argentina\/wp-json\/wp\/v2\/posts\/68804\/revisions"}],"wp:featuredmedia":[{"embeddable":true,"href":"http:\/\/argentinamunicipal.com.ar\/argentina\/wp-json\/wp\/v2\/media\/68805"}],"wp:attachment":[{"href":"http:\/\/argentinamunicipal.com.ar\/argentina\/wp-json\/wp\/v2\/media?parent=68804"}],"wp:term":[{"taxonomy":"category","embeddable":true,"href":"http:\/\/argentinamunicipal.com.ar\/argentina\/wp-json\/wp\/v2\/categories?post=68804"},{"taxonomy":"post_tag","embeddable":true,"href":"http:\/\/argentinamunicipal.com.ar\/argentina\/wp-json\/wp\/v2\/tags?post=68804"}],"curies":[{"name":"wp","href":"https:\/\/api.w.org\/{rel}","templated":true}]}}