{"id":68825,"date":"2017-10-17T06:01:54","date_gmt":"2017-10-17T09:01:54","guid":{"rendered":"http:\/\/argentinamunicipal.com.ar\/argentina\/?p=68825"},"modified":"2017-10-17T08:04:23","modified_gmt":"2017-10-17T11:04:23","slug":"coloquio-idea-rumbo-modelo-economico-sin-pymes","status":"publish","type":"post","link":"http:\/\/argentinamunicipal.com.ar\/argentina\/coloquio-idea-rumbo-modelo-economico-sin-pymes\/","title":{"rendered":"Coloquio de IDEA, rumbo a un modelo econ\u00f3mico sin Pymes"},"content":{"rendered":"<p>Acaba de concluir el Coloquio de IDEA un espacio donde los grandes empresarios de nuestro Pa\u00eds se re\u00fanen todos los a\u00f1os para ponerle condiciones al gobierno de turno.<\/p>\n<p>Este a\u00f1o, a diferencia de lo que suced\u00eda en los anteriores, se hicieron presentes los due\u00f1os de las grandes empresas para demostrar un apoyo contundente al gobierno actual, los grandes medios de comunicaci\u00f3n resaltaron la importancia de esta cumbre de empresarios.<\/p>\n<p>El diario La Naci\u00f3n titul\u00f3 en una de sus columnas que: \u201cEl optimismo de los empresarios es el mayor en m\u00e1s de dos d\u00e9cadas\u201d:El periodista, Marcelo Bonelli, en Clar\u00edn titulaba \u201cLos empresarios apoyan a Macri pero quieren reformas de fondo\u201d y detalla en su columna que \u201cen IDEA hay una muestra de adhesi\u00f3n que no se ve\u00eda desde los tiempos de Carlos Menem\u201d.<\/p>\n<p>Es l\u00f3gico. Por un lado apoyan las pol\u00edticas adoptadas hasta el momento que van desde la devaluaci\u00f3n, que significo una brutal transferencia de ingresos a los sectores m\u00e1s concentrados de nuestra econom\u00eda, pasando por la quita de retenciones a los sectores agropecuarios y a la miner\u00eda o la disminuci\u00f3n de los subsidios a las tarifas, que favoreci\u00f3 a las empresas de energ\u00eda y perjudico a la mayor\u00eda de la poblaci\u00f3n.<\/p>\n<p>Mientras, le exigen ir a fondo con las reformas que un proyecto neoliberal necesita. Eso significa: profundizar el proceso de flexibilizaci\u00f3n laboral, m\u00e1s apertura de importaciones, seguir bajando las retenciones o transformar el sistema sanitario. Todo entra en el paquete. Por eso estaban presentes Paolo Rocca, de Techint; Carlos Blaquier, de Ledesma ; Alejandro Bulgheroni de PAE y Aldo Roggio, entre otros.<\/p>\n<p>Los grupos corporativos ten\u00edan en el encuentro, antes del mismo y a futuro exigir al gobierno un Estado que se ponga al servicio de las grandes empresas.<\/p>\n<p>La actual gesti\u00f3n s\u00f3lo reconoce como interlocutores del sector empresario a los due\u00f1os o gerentes de las grandes empresas nacionales y multinacionales. Para ellos gobierna y en ese sentido van orientadas sus pol\u00edticas. Las Peque\u00f1as y Medianas empresas no entran en la agenda de reclamos.<\/p>\n<p>Se las acusa de no invertir o de no ser competitivas. Poco importa si generan el 75% del empleo en nuestro pa\u00eds ya que, justamente, para aplicar la flexibilizaci\u00f3n laboral que requiere la profundizaci\u00f3n del modelo, es necesario m\u00e1s desocupaci\u00f3n, ya que nada disciplina mejor a una sociedad que la falta de trabajo. En ese sentido no es casualidad la ca\u00edda del mercado interno y la suba de importaciones de productos terminados, la suba de tarifas y la falta de cr\u00e9dito al sector productivo, es la estrategia elegida desde el d\u00eda en que el gobierno present\u00f3 el Plan Productivo Nacional que proyecta un pa\u00eds para 20 millones de argentinos, tomando como modelo a Australia, que basa su econom\u00eda en miner\u00eda agricultura y servicios.<\/p>\n<p>El 90% de las empresas de la Argentina son Pymes y la mayor\u00eda de ellas, sobre todo las ligadas a los sectores mano de obra intensiva, est\u00e1n seriamente afectadas por las pol\u00edticas actuales y ello explica el cierre en estos dos a\u00f1os de m\u00e1s de 6.000 f\u00e1bricas y 10.000 comercios ,con la p\u00e9rdida de m\u00e1s de 60.000 puestos de trabajo.<\/p>\n<p>El problema no es que Las Pymes no hayan sido invitadas al Coloquio de IDEA. El problema es que no son parte de este modelo de Pa\u00eds. A este plan le sobran Pymes y trabajadores, si no constituimos un proyecto donde la producci\u00f3n y el trabajo sean los pilares de crecimiento colectivo y redistribuci\u00f3n del ingreso y no la teor\u00eda del derrame que nos vuelven a proponer. Por este viejo y conocido camino no vamos a poder tener la Argentina justa que todos so\u00f1amos.<\/p>\n<h6>Fuente: ADN<\/h6>\n","protected":false},"excerpt":{"rendered":"<p>Acaba de concluir el Coloquio de IDEA un espacio donde los grandes empresarios de nuestro Pa\u00eds se re\u00fanen todos los a\u00f1os para ponerle condiciones al gobierno de turno.<\/p>\n","protected":false},"author":2,"featured_media":68826,"comment_status":"closed","ping_status":"closed","sticky":false,"template":"","format":"standard","meta":{"footnotes":""},"categories":[8],"tags":[21],"class_list":["post-68825","post","type-post","status-publish","format-standard","has-post-thumbnail","hentry","category-informe-nacional","tag-argentina"],"_links":{"self":[{"href":"http:\/\/argentinamunicipal.com.ar\/argentina\/wp-json\/wp\/v2\/posts\/68825","targetHints":{"allow":["GET"]}}],"collection":[{"href":"http:\/\/argentinamunicipal.com.ar\/argentina\/wp-json\/wp\/v2\/posts"}],"about":[{"href":"http:\/\/argentinamunicipal.com.ar\/argentina\/wp-json\/wp\/v2\/types\/post"}],"author":[{"embeddable":true,"href":"http:\/\/argentinamunicipal.com.ar\/argentina\/wp-json\/wp\/v2\/users\/2"}],"replies":[{"embeddable":true,"href":"http:\/\/argentinamunicipal.com.ar\/argentina\/wp-json\/wp\/v2\/comments?post=68825"}],"version-history":[{"count":0,"href":"http:\/\/argentinamunicipal.com.ar\/argentina\/wp-json\/wp\/v2\/posts\/68825\/revisions"}],"wp:featuredmedia":[{"embeddable":true,"href":"http:\/\/argentinamunicipal.com.ar\/argentina\/wp-json\/wp\/v2\/media\/68826"}],"wp:attachment":[{"href":"http:\/\/argentinamunicipal.com.ar\/argentina\/wp-json\/wp\/v2\/media?parent=68825"}],"wp:term":[{"taxonomy":"category","embeddable":true,"href":"http:\/\/argentinamunicipal.com.ar\/argentina\/wp-json\/wp\/v2\/categories?post=68825"},{"taxonomy":"post_tag","embeddable":true,"href":"http:\/\/argentinamunicipal.com.ar\/argentina\/wp-json\/wp\/v2\/tags?post=68825"}],"curies":[{"name":"wp","href":"https:\/\/api.w.org\/{rel}","templated":true}]}}