{"id":69076,"date":"2017-10-24T07:45:32","date_gmt":"2017-10-24T10:45:32","guid":{"rendered":"http:\/\/argentinamunicipal.com.ar\/argentina\/?p=69076"},"modified":"2017-10-24T07:45:32","modified_gmt":"2017-10-24T10:45:32","slug":"villa-gobernador-galvez-denuncian-65-despidos-la-planta-unilever","status":"publish","type":"post","link":"http:\/\/argentinamunicipal.com.ar\/argentina\/villa-gobernador-galvez-denuncian-65-despidos-la-planta-unilever\/","title":{"rendered":"Villa Gobernador G\u00e1lvez: Denuncian 65 despidos en la planta de Unilever"},"content":{"rendered":"<p>Un d\u00eda despu\u00e9s de las elecciones, los trabajadores de la empresa Unilever denunciaron 65 despidos en la planta de producci\u00f3n de jabones que la firma tiene en Villa Gobernador G\u00e1lvez.<\/p>\n<p>Los obreros realizaron anoche una asamblea para determinar los pasos a seguir y se manten\u00edan apostados en la puerta de la f\u00e1brica, en medio de un inusual operativo de efectivos policiales y seguridad privada. A primera hora, reclamar\u00e1n la intervenci\u00f3n del Ministerio de Trabajo de la provincia.<\/p>\n<p>Mat\u00edas Rodr\u00edguez, secretario general del Sindicato de Jaboneros, explic\u00f3 que durante la tarde de ayer funcionarios de la empresa comunicaron la decisi\u00f3n de despedir a 65 empleados de la planta, en la que trabajan 260 personas, por una \u00abreestructuraci\u00f3n\u00bb.<\/p>\n<p>\u00abEl anuncio nos tom\u00f3 de sorpresa ya que no hab\u00eda ning\u00fan tipo de conflicto e incluso en las negociaciones que manten\u00edamos por temas salariales siempre pon\u00edamos en primer lugar la preservaci\u00f3n de las fuentes de trabajo, en un contexto dif\u00edcil\u00bb, dijo Rodr\u00edguez.<\/p>\n<p>Los telegramas, especulaban en el gremio, comenzar\u00edan a llegar hoy, pero ya ayer la empresa cerr\u00f3 las puertas del establecimiento hasta nuevo aviso. Por la noche, los trabajadores comenzaron a congregarse frente al establecimiento para obtener alguna informaci\u00f3n adicional.<\/p>\n<p>El latiguillo de la \u00abcompetitividad\u00bb que repite el gobierno nacional figur\u00f3 entre los argumentos esgrimidos para los despidos, ya que en Brasil hay una f\u00e1brica que tambi\u00e9n produce jabones de tocador. \u00abParece coordinado, no esperaron un d\u00eda de las elecciones y salieron con este anuncio de despidos\u00bb, se lament\u00f3 Rodr\u00edguez.<\/p>\n<p>Unilever es una de las grandes firmas multinacionales de producci\u00f3n y comercializaci\u00f3n de consumo masivo, en competencia con P&amp;G. En la ciudad vecina a Rosario, en la planta que alguna vez perteneci\u00f3 a Guere\u00f1o, produce jabones de tocador.<\/p>\n<h6>Fuente: La Capital Rosario<\/h6>\n","protected":false},"excerpt":{"rendered":"<p>Un d\u00eda despu\u00e9s de las elecciones, los trabajadores de la empresa Unilever denunciaron 65 despidos en la planta de producci\u00f3n de jabones que la firma tiene en Villa Gobernador G\u00e1lvez.<\/p>\n","protected":false},"author":2,"featured_media":69077,"comment_status":"closed","ping_status":"closed","sticky":false,"template":"","format":"standard","meta":{"footnotes":""},"categories":[2],"tags":[10],"class_list":["post-69076","post","type-post","status-publish","format-standard","has-post-thumbnail","hentry","category-informe-municipal","tag-santa-fe"],"_links":{"self":[{"href":"http:\/\/argentinamunicipal.com.ar\/argentina\/wp-json\/wp\/v2\/posts\/69076","targetHints":{"allow":["GET"]}}],"collection":[{"href":"http:\/\/argentinamunicipal.com.ar\/argentina\/wp-json\/wp\/v2\/posts"}],"about":[{"href":"http:\/\/argentinamunicipal.com.ar\/argentina\/wp-json\/wp\/v2\/types\/post"}],"author":[{"embeddable":true,"href":"http:\/\/argentinamunicipal.com.ar\/argentina\/wp-json\/wp\/v2\/users\/2"}],"replies":[{"embeddable":true,"href":"http:\/\/argentinamunicipal.com.ar\/argentina\/wp-json\/wp\/v2\/comments?post=69076"}],"version-history":[{"count":0,"href":"http:\/\/argentinamunicipal.com.ar\/argentina\/wp-json\/wp\/v2\/posts\/69076\/revisions"}],"wp:featuredmedia":[{"embeddable":true,"href":"http:\/\/argentinamunicipal.com.ar\/argentina\/wp-json\/wp\/v2\/media\/69077"}],"wp:attachment":[{"href":"http:\/\/argentinamunicipal.com.ar\/argentina\/wp-json\/wp\/v2\/media?parent=69076"}],"wp:term":[{"taxonomy":"category","embeddable":true,"href":"http:\/\/argentinamunicipal.com.ar\/argentina\/wp-json\/wp\/v2\/categories?post=69076"},{"taxonomy":"post_tag","embeddable":true,"href":"http:\/\/argentinamunicipal.com.ar\/argentina\/wp-json\/wp\/v2\/tags?post=69076"}],"curies":[{"name":"wp","href":"https:\/\/api.w.org\/{rel}","templated":true}]}}