{"id":69082,"date":"2017-10-24T07:53:49","date_gmt":"2017-10-24T10:53:49","guid":{"rendered":"http:\/\/argentinamunicipal.com.ar\/argentina\/?p=69082"},"modified":"2017-10-24T07:53:49","modified_gmt":"2017-10-24T10:53:49","slug":"la-intendenta-rosario-estudia-cambios-gabinete-municipal","status":"publish","type":"post","link":"http:\/\/argentinamunicipal.com.ar\/argentina\/la-intendenta-rosario-estudia-cambios-gabinete-municipal\/","title":{"rendered":"La intendenta\u00a0de Rosario estudia cambios en el gabinete municipal"},"content":{"rendered":"<p>\u00abEn seis a\u00f1os de gesti\u00f3n yo nunca tuve mayor\u00eda\u00bb en el Concejo Municipal, record\u00f3 ayer la intendenta M\u00f3nica Fein, lo que la llev\u00f3 a \u00abgobernar siempre con una actitud dialoguista y de b\u00fasqueda de consensos con los distintos sectores pol\u00edticos\u00bb.<\/p>\n<p>\u00abEn seis a\u00f1os de gesti\u00f3n yo nunca tuve mayor\u00eda\u00bb en el Concejo Municipal, record\u00f3 ayer la intendenta M\u00f3nica Fein, lo que la llev\u00f3 a \u00abgobernar siempre con una actitud dialoguista y de b\u00fasqueda de consensos con los distintos sectores pol\u00edticos\u00bb. Aun as\u00ed, la jefa comunal admiti\u00f3 que hubo un tema medular, el pedido de aprobaci\u00f3n para un endeudamiento por 200 millones de d\u00f3lares para obra p\u00fablica, donde no logr\u00f3 la anuencia de los ediles y esa negativa se hizo sentir. \u00abPero se aprobaron todos los presupuestos y todas las licitaciones\u00bb, sostuvo, por lo que en la nueva configuraci\u00f3n del Concejo confi\u00f3 que se conjuguen \u00abla apertura al di\u00e1logo por parte del oficialismo y la responsabilidad de dar gobernabilidad por parte de la oposici\u00f3n\u00bb. Sobre su propio gabinete, no descart\u00f3 cambios.<\/p>\n<p>Ante el escenario de al menos tres bloques nutridos \u2014Cambiemos con nueve bancas como primera minor\u00eda y los interbloques justicialista y oficialista con siete cada uno\u2014 e incluso la posibilidad de que puedan darse algunas unificaciones, Fein avizor\u00f3 una composici\u00f3n legislativa local \u00abm\u00e1s consolidada, con posiciones m\u00e1s firmes y m\u00e1s claras\u00bb. Es decir, con cartas m\u00e1s expuestas, razon\u00f3, en sinton\u00eda con lo dicho por la cabeza de lista del Frente, Pablo Javkin.<\/p>\n<p>Y acerca, justamente, de qui\u00e9n reemplazar\u00e1 a Javkin al frente de la Secretar\u00eda General cuando asuma el 10 de diciembre, la intendenta dijo no tener \u00abtodav\u00eda\u00bb un nombre in p\u00e9ctore.<\/p>\n<p>Sin embargo, calific\u00f3 a las elecciones de \u00abmedio tiempo\u00bb como una \u00aboportunidad\u00bb y \u00abun momento para reflexionar que abre posibilidades\u00bb para \u00abreforzar algunas \u00e1reas, fortalecer el Frente y, en ese camino, incluso sumar gente independiente o que proceda del trabajo en pol\u00edticas sociales o culturales\u00bb.<\/p>\n<p>En sinton\u00eda con lo que anteayer admiti\u00f3 el gobernador Miguel Lifschitz sobre su propio gabinete (sus palabras fueron \u00abseguro habr\u00e1 cambios\u00bb), esas eventuales modificaciones en el equipo de Fein podr\u00e1n no ser \u00abgrandes\u00bb, pero \u00abs\u00ed oportunas\u00bb.<\/p>\n<p>Risas mediante, cuando se le pregunt\u00f3 por posibles nombres la intendenta dijo, como era previsible, no estar \u00abpensando en nadie en particular\u00bb. Ni siquiera en ediles mandato cumplido.<\/p>\n<h6>Fuente: La Capital<\/h6>\n","protected":false},"excerpt":{"rendered":"<p>\u00abEn seis a\u00f1os de gesti\u00f3n yo nunca tuve mayor\u00eda\u00bb en el Concejo Municipal, record\u00f3 ayer la intendenta M\u00f3nica Fein, lo que la llev\u00f3 a \u00abgobernar siempre con una actitud dialoguista y de b\u00fasqueda de consensos con los distintos sectores pol\u00edticos\u00bb.<\/p>\n","protected":false},"author":2,"featured_media":69083,"comment_status":"closed","ping_status":"closed","sticky":false,"template":"","format":"standard","meta":{"footnotes":""},"categories":[4],"tags":[10],"class_list":["post-69082","post","type-post","status-publish","format-standard","has-post-thumbnail","hentry","category-informe-politico","tag-santa-fe"],"_links":{"self":[{"href":"http:\/\/argentinamunicipal.com.ar\/argentina\/wp-json\/wp\/v2\/posts\/69082","targetHints":{"allow":["GET"]}}],"collection":[{"href":"http:\/\/argentinamunicipal.com.ar\/argentina\/wp-json\/wp\/v2\/posts"}],"about":[{"href":"http:\/\/argentinamunicipal.com.ar\/argentina\/wp-json\/wp\/v2\/types\/post"}],"author":[{"embeddable":true,"href":"http:\/\/argentinamunicipal.com.ar\/argentina\/wp-json\/wp\/v2\/users\/2"}],"replies":[{"embeddable":true,"href":"http:\/\/argentinamunicipal.com.ar\/argentina\/wp-json\/wp\/v2\/comments?post=69082"}],"version-history":[{"count":0,"href":"http:\/\/argentinamunicipal.com.ar\/argentina\/wp-json\/wp\/v2\/posts\/69082\/revisions"}],"wp:featuredmedia":[{"embeddable":true,"href":"http:\/\/argentinamunicipal.com.ar\/argentina\/wp-json\/wp\/v2\/media\/69083"}],"wp:attachment":[{"href":"http:\/\/argentinamunicipal.com.ar\/argentina\/wp-json\/wp\/v2\/media?parent=69082"}],"wp:term":[{"taxonomy":"category","embeddable":true,"href":"http:\/\/argentinamunicipal.com.ar\/argentina\/wp-json\/wp\/v2\/categories?post=69082"},{"taxonomy":"post_tag","embeddable":true,"href":"http:\/\/argentinamunicipal.com.ar\/argentina\/wp-json\/wp\/v2\/tags?post=69082"}],"curies":[{"name":"wp","href":"https:\/\/api.w.org\/{rel}","templated":true}]}}