{"id":69133,"date":"2017-10-25T07:32:44","date_gmt":"2017-10-25T10:32:44","guid":{"rendered":"http:\/\/argentinamunicipal.com.ar\/argentina\/?p=69133"},"modified":"2017-10-25T07:32:44","modified_gmt":"2017-10-25T10:32:44","slug":"rosario-proyectan-sendero-elevado-frente-la-playa-del-sindicato-municipal","status":"publish","type":"post","link":"http:\/\/argentinamunicipal.com.ar\/argentina\/rosario-proyectan-sendero-elevado-frente-la-playa-del-sindicato-municipal\/","title":{"rendered":"Rosario: Proyectan un sendero elevado frente a la playa del sindicato municipal"},"content":{"rendered":"<p>El Concejo le extendi\u00f3 al gremio la concesi\u00f3n del predio por 25 a\u00f1os y la Intendencia cerr\u00f3 un acuerdo para concretar la obra frente al r\u00edo<\/p>\n<p>El Concejo Municipal le dio luz verde al Sindicato de Trabajadores Municipales y renov\u00f3 por 25 a\u00f1os la concesi\u00f3n del frente costero que hoy ocupa el gremio, detr\u00e1s de las piletas del parque Alem. La decisi\u00f3n tomada por los ediles conlleva un acuerdo con el Ejecutivo, que incluye darle continuidad al paseo p\u00fablico del Acuario a trav\u00e9s de un sendero elevado hasta el puente peatonal que cruza avenida Frondizi (Paseo Ribere\u00f1o), y la apertura de la playa a toda la comunidad.La iniciativa se est\u00e1 trabajando desde hace un a\u00f1o en la Secretar\u00eda de Planeamiento. As\u00ed lo explic\u00f3 su titular, Pablo Abalos, quien se\u00f1al\u00f3 que la iniciativa a\u00fan est\u00e1 en la fase de anteproyecto y se deben resolver varios aspectos, como la situaci\u00f3n de la guarder\u00eda de lanchas que se traslad\u00f3 a ese predio despu\u00e9s de que el municipio licitara en 2011 el Parque N\u00e1utico Ludue\u00f1a y que explota un privado.<\/p>\n<p>El predio, que tiene un frente costero de 250 metros y una superficie cercana a los 45 mil metros cuadrados, est\u00e1 ubicado en una de las zonas m\u00e1s atractivas de la ciudad. El municipio le otorg\u00f3 el terreno al sindicato local por primera vez en 1970 y su uso se fue renovando con el transcurso del tiempo, hasta que en 1992 se le concedi\u00f3 por 25 a\u00f1os. Ese plazo se venc\u00eda a fin de 2017. Ahora, con la extensi\u00f3n, el gremio podr\u00e1 seguir explotando ese terreno hasta el 2042.<\/p>\n<p>El gremio levant\u00f3 all\u00ed un camping que reiteradamente sufre inundaciones con la crecida del r\u00edo. Por eso, y ante la renovaci\u00f3n de la concesi\u00f3n, el secretario general de los municipales, Antonio Ratner, explic\u00f3 que, antes de fin de a\u00f1o comenzar\u00e1n a desembolsar unos 3 millones de pesos para levantar el nivel del suelo hasta una altura que permita hacer uso del predio todo el a\u00f1o.<\/p>\n<p>Ratner detall\u00f3 tambi\u00e9n que, debajo del sendero elevado que se proyecta hacer sobre el predio, se har\u00e1n nuevas instalaciones para el camping y un espacio gastron\u00f3mico, que probablemente sea abierto a toda la sociedad.<\/p>\n<p><strong>Para todos<\/strong><\/p>\n<p>Abalos indic\u00f3 que lo que se proyecta apunta \u00aba reordenar esa zona, mejorando las condiciones edilicias y de uso para los afiliados; tambi\u00e9n abriendo la playa al p\u00fablico en general y d\u00e1ndole continuidad al paseo junto al r\u00edo\u00bb. La gesti\u00f3n provincial podr\u00eda invertir parte de los fondos necesarios para construir la infraestructura, acot\u00f3 Ratner.<\/p>\n<p><strong>M\u00e1s obras<\/strong><\/p>\n<p>La integraci\u00f3n de ese sector de la ciudad, que se extiende hasta el arroyo Ludue\u00f1a, se debe completar con la concreci\u00f3n de las obras previstas en el marco de Parque N\u00e1utico Ludue\u00f1a \u2014que fue concesionado a la firma Obring por 30 a\u00f1os\u2014, en el que se estableci\u00f3 la recuperaci\u00f3n de 6,3 hect\u00e1reas.<\/p>\n<p>Al ser consultado por LaCapital, el titular de Obring, Franco Gagliardo, se\u00f1al\u00f3 ayer que los trabajos de reconversi\u00f3n de esa zona, que incluyen un sal\u00f3n de eventos de 2.500 metros cuadrados con amplia capacidad de p\u00fablico y un restaurante frente al r\u00edo Paran\u00e1 (de unos 1.000 metros cuadrados) estar\u00edan terminados para fines del a\u00f1o pr\u00f3ximo.<\/p>\n<p>Completadas estas tareas, adem\u00e1s del nuevo paseo p\u00fablico ribere\u00f1o desde el sindicato de los empleados municipales, se terminar\u00eda la transformaci\u00f3n en torno al concurrido parque Alem.<\/p>\n<p><strong>Reclaman limpieza del Ludue\u00f1a<\/strong><\/p>\n<p>Los comerciantes y usuarios n\u00e1uticos que utilizan el arroyo Ludue\u00f1a reclaman su limpieza, adem\u00e1s de alg\u00fan mecanismo que permita la higiene diaria del curso de agua. La basura que habitualmente se ve en la superficie est\u00e1 conformada por botellas pl\u00e1sticas y otros productos descartables, que tiran transe\u00fantes o llegan por el arroyo desde otros puntos de la ciudad.<\/p>\n<h6>Fuente: La Capital Rosario<\/h6>\n","protected":false},"excerpt":{"rendered":"<p>El Concejo le extendi\u00f3 al gremio la concesi\u00f3n del predio por 25 a\u00f1os y la Intendencia cerr\u00f3 un acuerdo para concretar la obra frente al r\u00edo<\/p>\n","protected":false},"author":2,"featured_media":69134,"comment_status":"closed","ping_status":"closed","sticky":false,"template":"","format":"standard","meta":{"footnotes":""},"categories":[2],"tags":[10],"class_list":["post-69133","post","type-post","status-publish","format-standard","has-post-thumbnail","hentry","category-informe-municipal","tag-santa-fe"],"_links":{"self":[{"href":"http:\/\/argentinamunicipal.com.ar\/argentina\/wp-json\/wp\/v2\/posts\/69133","targetHints":{"allow":["GET"]}}],"collection":[{"href":"http:\/\/argentinamunicipal.com.ar\/argentina\/wp-json\/wp\/v2\/posts"}],"about":[{"href":"http:\/\/argentinamunicipal.com.ar\/argentina\/wp-json\/wp\/v2\/types\/post"}],"author":[{"embeddable":true,"href":"http:\/\/argentinamunicipal.com.ar\/argentina\/wp-json\/wp\/v2\/users\/2"}],"replies":[{"embeddable":true,"href":"http:\/\/argentinamunicipal.com.ar\/argentina\/wp-json\/wp\/v2\/comments?post=69133"}],"version-history":[{"count":0,"href":"http:\/\/argentinamunicipal.com.ar\/argentina\/wp-json\/wp\/v2\/posts\/69133\/revisions"}],"wp:featuredmedia":[{"embeddable":true,"href":"http:\/\/argentinamunicipal.com.ar\/argentina\/wp-json\/wp\/v2\/media\/69134"}],"wp:attachment":[{"href":"http:\/\/argentinamunicipal.com.ar\/argentina\/wp-json\/wp\/v2\/media?parent=69133"}],"wp:term":[{"taxonomy":"category","embeddable":true,"href":"http:\/\/argentinamunicipal.com.ar\/argentina\/wp-json\/wp\/v2\/categories?post=69133"},{"taxonomy":"post_tag","embeddable":true,"href":"http:\/\/argentinamunicipal.com.ar\/argentina\/wp-json\/wp\/v2\/tags?post=69133"}],"curies":[{"name":"wp","href":"https:\/\/api.w.org\/{rel}","templated":true}]}}