{"id":69166,"date":"2017-10-25T08:19:01","date_gmt":"2017-10-25T11:19:01","guid":{"rendered":"http:\/\/argentinamunicipal.com.ar\/argentina\/?p=69166"},"modified":"2017-10-25T08:19:01","modified_gmt":"2017-10-25T11:19:01","slug":"se-viene-santa-fe-la-carta-2728-29-octubre","status":"publish","type":"post","link":"http:\/\/argentinamunicipal.com.ar\/argentina\/se-viene-santa-fe-la-carta-2728-29-octubre\/","title":{"rendered":"Se viene Santa Fe a la Carta, 27,28 y 29 de octubre"},"content":{"rendered":"<p>Este fin de semana en la ciudad se podr\u00e1 disfrutar del evento que buscar realzar la gastronom\u00eda local. Habr\u00e1 actividades para grandes y chicos, clases magistrales y contar\u00e1 con la presencia de Juan Braceli, uno de los chefs de Cocineros Argentinos.<\/p>\n<p>Durante el viernes 27, s\u00e1bado 28 y domingo 29 de octubre , se presentar\u00e1 una feria gastron\u00f3mica bajo la tem\u00e1tica\u00a0\u201cTu estilo de vida\u201dhaciendo hincapi\u00e9 en la alimentaci\u00f3n consciente, contando con m\u00e1s de 20 expositores que proveer\u00e1n de alimentos y productos que respeten las nuevas tendencias y formas de vivir la alimentaci\u00f3n.\u00a0 \u201cSe presentar\u00e1n disertaciones sobre la tem\u00e1tica planteada y asimismo, distintos chef realizar\u00e1n clases magistrales de cocina, contando con la participaci\u00f3n de Juan Braceli, integrante de Cocineros Argentinos\u201d, cont\u00f3 a Sin Mordaza una de las organizadoras, Bel\u00e9n Lazzaroni.<\/p>\n<p>Santa Fe a la Carta\u00a0es un evento gastron\u00f3mico organizado por alumnos de tercer a\u00f1o de la carrera T\u00e9cnico Superior en Organizaci\u00f3n de Eventos del Instituto Sol. Este a\u00f1o se realizar\u00e1 la cuarta edici\u00f3n en el Mercado Progreso de la Ciudad de Santa Fe (Balcarce 1635)<\/p>\n<p>\u201cLa entrada es gratuita. Esto surge como el trabajo final de Pr\u00e1ctica Profesional que tenemos que hacer para poder recibirnos\u201d, nos cuenta Bel\u00e9n, alumna del instituto. \u201cHace 4 a\u00f1os que tercero eventos trabaja sobre Santa Fe a la Carta, con el objetivo de realzar la gastronom\u00eda local. En un principio, era una semana completa de actividades distribuidas en distintos espacios de la ciudad, desde el a\u00f1o pasado, convertimos el evento en una feria, centrando todo en un mismo lugar en un solo fin de semana\u201d, se\u00f1al\u00f3 la organizadora.<\/p>\n<p>Santa Fe a la Carta, los dos primeros a\u00f1os tuvo buena repercusi\u00f3n y los estudiantes organizadores apuestan a seguir creciendo, \u201cesperamos y creemos que va a ser muy convocante debido a la locaci\u00f3n, el Mercado Progreso que de por s\u00ed es autoconvocante y la difusi\u00f3n que hicimos este a\u00f1o fue masiva. Contamos con la presencia de Juan Braceli (Cocinero Argentino) Chefs locales como Asunci\u00f3n Serralunga, Jonatan Vallejos, Agust\u00edn Vaccalluzzo, Florencia Sarnaglia y Pablo Binado, todos los d\u00edas se cierra el evento con el show de una banda musical, van a estar \u00abKromoc\u00bb, \u00abCoujack\u00bb y \u00abMr. Thompson\u00bb las tres de aqu\u00ed de la ciudad de Santa Fe\u201d, finaliz\u00f3 Bel\u00e9n Lazzaroni.<\/p>\n<p>El d\u00eda domingo, el evento est\u00e1 destinado para la familia, habr\u00e1 clases de cocina para ni\u00f1os, el show infantil de \u00abInfantando\u00bb acompa\u00f1ado por juegos y actividades did\u00e1cticas. Por otra parte, el evento contar\u00e1 con bandas, show de stand up y actividades dedicadas a los ni\u00f1os, durante los d\u00edas propuestos.<\/p>\n<p>Santa Fe a la Carta\u00a0iniciar\u00e1 sus actividades el d\u00eda viernes a las 16 horas, s\u00e1bado a partir de las 17.00 horas y el domingo a las 15.00 horas. Contar\u00e1 con entrada libre y gratuita y desplegar\u00e1 un abanico completo de actividades.<\/p>\n<h6>Fuente:\u00a0Sin Mordaza<\/h6>\n","protected":false},"excerpt":{"rendered":"<p>Este fin de semana en la ciudad se podr\u00e1 disfrutar del evento que buscar realzar la gastronom\u00eda local. Habr\u00e1 actividades para grandes y chicos, clases magistrales y contar\u00e1 con la presencia de Juan Braceli, uno de los chefs de Cocineros Argentinos.<\/p>\n","protected":false},"author":2,"featured_media":69167,"comment_status":"closed","ping_status":"closed","sticky":false,"template":"","format":"standard","meta":{"footnotes":""},"categories":[47],"tags":[10],"class_list":["post-69166","post","type-post","status-publish","format-standard","has-post-thumbnail","hentry","category-fiestas","tag-santa-fe"],"_links":{"self":[{"href":"http:\/\/argentinamunicipal.com.ar\/argentina\/wp-json\/wp\/v2\/posts\/69166","targetHints":{"allow":["GET"]}}],"collection":[{"href":"http:\/\/argentinamunicipal.com.ar\/argentina\/wp-json\/wp\/v2\/posts"}],"about":[{"href":"http:\/\/argentinamunicipal.com.ar\/argentina\/wp-json\/wp\/v2\/types\/post"}],"author":[{"embeddable":true,"href":"http:\/\/argentinamunicipal.com.ar\/argentina\/wp-json\/wp\/v2\/users\/2"}],"replies":[{"embeddable":true,"href":"http:\/\/argentinamunicipal.com.ar\/argentina\/wp-json\/wp\/v2\/comments?post=69166"}],"version-history":[{"count":0,"href":"http:\/\/argentinamunicipal.com.ar\/argentina\/wp-json\/wp\/v2\/posts\/69166\/revisions"}],"wp:featuredmedia":[{"embeddable":true,"href":"http:\/\/argentinamunicipal.com.ar\/argentina\/wp-json\/wp\/v2\/media\/69167"}],"wp:attachment":[{"href":"http:\/\/argentinamunicipal.com.ar\/argentina\/wp-json\/wp\/v2\/media?parent=69166"}],"wp:term":[{"taxonomy":"category","embeddable":true,"href":"http:\/\/argentinamunicipal.com.ar\/argentina\/wp-json\/wp\/v2\/categories?post=69166"},{"taxonomy":"post_tag","embeddable":true,"href":"http:\/\/argentinamunicipal.com.ar\/argentina\/wp-json\/wp\/v2\/tags?post=69166"}],"curies":[{"name":"wp","href":"https:\/\/api.w.org\/{rel}","templated":true}]}}