{"id":69215,"date":"2017-10-30T05:00:48","date_gmt":"2017-10-30T08:00:48","guid":{"rendered":"http:\/\/argentinamunicipal.com.ar\/argentina\/?p=69215"},"modified":"2017-10-30T07:43:18","modified_gmt":"2017-10-30T10:43:18","slug":"rosario-las-empresas-contratan-discapacitados-treparon-4-64-10-anos","status":"publish","type":"post","link":"http:\/\/argentinamunicipal.com.ar\/argentina\/rosario-las-empresas-contratan-discapacitados-treparon-4-64-10-anos\/","title":{"rendered":"En Rosario las empresas que contratan discapacitados treparon de 4 a 64 en 10 a\u00f1os"},"content":{"rendered":"<p>En medio del auge, el municipio hasta cre\u00f3 un \u00e1rea espec\u00edfica que hace de nexo entre las firmas y los postulantes con esta condici\u00f3n<\/p>\n<p>En tiempos en los que el mercado laboral es cada vez m\u00e1s duro, tener alg\u00fan tipo de discapacidad suele verse como un impedimento. Pero los tiempos van cambiando, y hay gente trabajando para que eso suceda. Hace 10 a\u00f1os, en Rosario s\u00f3lo cuatro empresas tomaban empleados con esa condici\u00f3n. Hoy son 64 las firmas que integran esa lista que potencia la inclusi\u00f3n.El dato fue aportado por la Direcci\u00f3n General de Empleo municipal, que tiene desde 2013 un \u00e1rea espec\u00edfica que intermedia entre las empresas y los postulantes que tengan el Certificado Unico de Discapacidad (CUD). El municipio opera canalizando dos programas nacionales que significan un incentivo y un beneficio para el privado: el de Entrenamiento Laboral (EPT), que dura 3 o 6 meses, no implica relaci\u00f3n de dependencia y consta de media jornada de lunes a viernes por 3.600 pesos mensuales; y el de Inserci\u00f3n Laboral (PIL) que es anual a jornada completa y tiene un aporte de Naci\u00f3n de 4.850 pesos al sueldo, que luego completa la empresa hasta llegar al que corresponda por la actividad como cualquier otro trabajador.<\/p>\n<p>Desde 2014 a esta parte, fueron 233 las personas con discapacidad que tuvieron una oportunidad laboral en 53 empresas a trav\u00e9s de estos programas, de un total de 1460 postulantes que cargaron su curr\u00edculum. Se desempe\u00f1an en compa\u00f1\u00edas de los rubros metal\u00fargica, cerealera, textil, agencia de loter\u00eda, servicios de salud, telefon\u00eda, f\u00e1brica de alimentos, distribuidoras, restaurantes, geri\u00e1tricos, tarjetas de cr\u00e9dito, ferreter\u00eda, carnicer\u00eda, muebler\u00eda, servicios de limpieza, hotel, comercios en general y venta de alimentos, entre otros.<\/p>\n<p>Los trabajadores ocupan puestos administrativos, como operarios de dep\u00f3sito, operarios de costura, telemarketer, operarios metal\u00fargicos, recepcionistas, cadetes, ayudantes de carpinter\u00eda, ayudantes de carnicero, operarios de manufactura, operarios de limpieza, soldadores y atenci\u00f3n al p\u00fablico. El 85 por ciento de los que ingresaron por este medio sigue trabajando al d\u00eda de hoy, indicaron desde la repartici\u00f3n.<\/p>\n<p>\u00abPor otra parte,el Estado brinda a los discapacitados apoyo t\u00e9cnico y econ\u00f3mico para que inicien emprendimientos, y les brinda cursos de capacitaci\u00f3n en oficios adaptados, por ejemplo ahora se est\u00e1 desarrollando uno textil con int\u00e9rprete de se\u00f1as\u00bb, especific\u00f3 el director de Empleo municipal, Marcial Soraz\u00e1bal. \u00abAproximadamente 70 personas se sumaron al programa de empleo independiente para gestionar subsidios y armar su propio micronegocio, por ejemplo gastron\u00f3mico, de dise\u00f1o, manualidades o productos artesanales\u00bb, repas\u00f3 el funcionario.<\/p>\n<p>Los cursos duran 9 meses e incluyen una formaci\u00f3n b\u00e1sica en marketing y estudio de mercado, con una beca de 1000 pesos mensuales. Los cr\u00e9ditos son de 50 mil pesos para que puedan iniciar el proyecto, con posibilidad de un refuerzo de otros 17 mil luego de un a\u00f1o.<\/p>\n<p><strong>Complejidades<\/strong><\/p>\n<p>A su vez, desde la Gerencia de Empleo de Naci\u00f3n refirieron que tambi\u00e9n suscriben acuerdos de inserci\u00f3n laboral directamente con algunas firmas. Los datos de los \u00faltimos 3 a\u00f1os indican otras 11 empresas que tomaron personal con discapacidad bajo los programas EPT y PIL.<\/p>\n<p>El director de la Regi\u00f3n Centro,Fernando Oldani, explic\u00f3 que en esa tarea se topan con dificultades respecto de la sensibilizaci\u00f3n laboral en las empresas, que asocian err\u00f3neamente discapacidad con ausentismo y licencias.<\/p>\n<p>Pero adem\u00e1s, indic\u00f3 que a esto se le suma otra situaci\u00f3n m\u00e1s compleja: \u00abAl que tiene una pensi\u00f3n por discapacidad, cuando consigue trabajo se le suspende por incompatibilidad\u00bb, explic\u00f3. Y ejemplific\u00f3 por qu\u00e9 eso genera un problema: \u00abEn el \u00faltimo convenio que realizamos, de 20 personas que fueron a la entrevista, s\u00f3lo 3 decidieron quedarse trabajando.<\/p>\n<p>El puesto era de medio tiempo, con 8 mil pesos de salario, y la pensi\u00f3n es de 5 mil. Los otros 17 consideraron que no val\u00eda la pena por tan poca diferencia. Hay que cambiarle la cabeza a las empresas, pero tambi\u00e9n a la gente\u00bb.<\/p>\n<p>A todo esto se le suma el riesgo de que, de quedarse sin trabajo, restituir la pensi\u00f3n insume varios meses de espera.<\/p>\n<p>Seg\u00fan el \u00faltimo Censo de 2010, en la provincia de Santa Fe el porcentaje de personas con alg\u00fan tipo de discapacidad es del 12,8 por ciento, \u00edndice cercano a la media nacional de 12,9 por ciento.<\/p>\n<p>Las ONG vinculadas a la tem\u00e1tica estiman por algunos muestreos a nivel pa\u00eds que el 77 por ciento no trabaja, aunque en Rosario no haya estad\u00edsticas propias.<\/p>\n<p>Los datos oficiales indican que en la ciudad viven 49.000 personas que acreditan discapacidad.<\/p>\n<p>El n\u00famero es dif\u00edcil de construir, porque el Estado s\u00f3lo tiene la cifra de los que tramitan el Certificado Unico de Discapacidad (CUD), que no es obligatorio.<\/p>\n<p>\u00abEs un tema complejo, no todos tramitan el CUD, por lo que alguien puede tener la discapacidad pero no acreditar el carnet y no declararla\u00bb, explic\u00f3 a La Capital el director de Rehabilitaci\u00f3n de la Subsecretar\u00eda de Inclusi\u00f3n provincial, Horacio Bucci.<\/p>\n<h6>Fuetne: La Capital Rosario<\/h6>\n","protected":false},"excerpt":{"rendered":"<p>En medio del auge, el municipio hasta cre\u00f3 un \u00e1rea espec\u00edfica que hace de nexo entre las firmas y los postulantes con esta condici\u00f3n<\/p>\n","protected":false},"author":2,"featured_media":69216,"comment_status":"closed","ping_status":"closed","sticky":false,"template":"","format":"standard","meta":{"footnotes":""},"categories":[2],"tags":[10],"class_list":["post-69215","post","type-post","status-publish","format-standard","has-post-thumbnail","hentry","category-informe-municipal","tag-santa-fe"],"_links":{"self":[{"href":"http:\/\/argentinamunicipal.com.ar\/argentina\/wp-json\/wp\/v2\/posts\/69215","targetHints":{"allow":["GET"]}}],"collection":[{"href":"http:\/\/argentinamunicipal.com.ar\/argentina\/wp-json\/wp\/v2\/posts"}],"about":[{"href":"http:\/\/argentinamunicipal.com.ar\/argentina\/wp-json\/wp\/v2\/types\/post"}],"author":[{"embeddable":true,"href":"http:\/\/argentinamunicipal.com.ar\/argentina\/wp-json\/wp\/v2\/users\/2"}],"replies":[{"embeddable":true,"href":"http:\/\/argentinamunicipal.com.ar\/argentina\/wp-json\/wp\/v2\/comments?post=69215"}],"version-history":[{"count":0,"href":"http:\/\/argentinamunicipal.com.ar\/argentina\/wp-json\/wp\/v2\/posts\/69215\/revisions"}],"wp:featuredmedia":[{"embeddable":true,"href":"http:\/\/argentinamunicipal.com.ar\/argentina\/wp-json\/wp\/v2\/media\/69216"}],"wp:attachment":[{"href":"http:\/\/argentinamunicipal.com.ar\/argentina\/wp-json\/wp\/v2\/media?parent=69215"}],"wp:term":[{"taxonomy":"category","embeddable":true,"href":"http:\/\/argentinamunicipal.com.ar\/argentina\/wp-json\/wp\/v2\/categories?post=69215"},{"taxonomy":"post_tag","embeddable":true,"href":"http:\/\/argentinamunicipal.com.ar\/argentina\/wp-json\/wp\/v2\/tags?post=69215"}],"curies":[{"name":"wp","href":"https:\/\/api.w.org\/{rel}","templated":true}]}}