{"id":69251,"date":"2017-10-30T08:25:06","date_gmt":"2017-10-30T11:25:06","guid":{"rendered":"http:\/\/argentinamunicipal.com.ar\/argentina\/?p=69251"},"modified":"2017-10-30T08:25:06","modified_gmt":"2017-10-30T11:25:06","slug":"2-fiesta-nacional-la-cumbia-santafesina-del-3-5-noviembre","status":"publish","type":"post","link":"http:\/\/argentinamunicipal.com.ar\/argentina\/2-fiesta-nacional-la-cumbia-santafesina-del-3-5-noviembre\/","title":{"rendered":"2\u00b0 Fiesta Nacional de la Cumbia Santafesina del 3 a 5 de noviembre"},"content":{"rendered":"<p>\u201cLa cumbia santafesina es una forma de presencia, es movimiento, alegr\u00eda, compartir, es la m\u00fasica que se disfruta con otros\u00bb, resalt\u00f3 el gobernador Lifschitz.<\/p>\n<p>El gobernador Miguel Lifschitz present\u00f3 este lunes en Casa de Gobierno la Gira 2017 de la 2\u00aa Fiesta Nacional de la Cumbia Santafesina, durante la cual se realizar\u00e1n de eventos musicales en las ciudades de Las Toscas, Firmat, Sunchales, Rosario y Santa Fe para la selecci\u00f3n de bandas locales que participar\u00e1n en la edici\u00f3n de este a\u00f1o del 3 al 5 de noviembre.<\/p>\n<p>\u201cHace unos a\u00f1os era todo expectativa, ganas y entusiasmo y hab\u00eda un poco de preocupaci\u00f3n por c\u00f3mo iban a salir las cosas. Despu\u00e9s de la primera edici\u00f3n todos nos quedamos anchos de orgullo, alegr\u00eda y satisfacci\u00f3n porque la fiesta excedi\u00f3 todas las expectativas\u00bb, expres\u00f3 el gobernador.<\/p>\n<p>Sobre la segunda edici\u00f3n, el gobernador destac\u00f3 que \u201cviene con m\u00e1s desaf\u00edos, es m\u00e1s ambiciosa y se plantea cosas m\u00e1s grandes, como por ejemplo arrancar desde las cinco regiones de la provincia para llegar a noviembre a aqu\u00ed, a Santa Fe, con las mejores figuras del interior y habiendo movilizado a toda la provincia para llegar todos juntos a una segunda gran fiesta nacional\u201d.<\/p>\n<p>\u201cMi mayor agradecimiento a quienes han sido protagonistas, porque nosotros tomamos una decisi\u00f3n y nos montamos en una ola que la generaron todos ustedes que iniciaron este gran movimiento de la cumbia santafesina\u201d.<\/p>\n<p>Lifschitz destac\u00f3 que \u201cla cumbia santafesina es una forma de presencia, es movimiento, alegr\u00eda, compartir, es la m\u00fasica que se disfruta con otros\u00bb, concluy\u00f3.<\/p>\n<p>A su turno, la ministra de Innovaci\u00f3n y Cultura, Mar\u00eda de los \u00c1ngeles Gonz\u00e1lez, agradeci\u00f3 \u201cal gobernador porque la idea fue suya; y estar aqu\u00ed, en el hall de Casa de Gobierno, es un resumen institucional de la provincia y de su cultura. Durante este tiempo, he notado que la cumbia cruza la provincia entera, la cumbia se pide desde Florencia ha Rufino, pero no se le daban el lugar que merec\u00eda a la hora de entender lo que es un g\u00e9nero musical\u201d.<\/p>\n<p>La primera edici\u00f3n \u201cfue una fiesta maravillosa, que tuvo un mont\u00f3n de protagonistas, los artistas y el p\u00fablico; y ten\u00eda que ser fundacional y en la ciudad de Santa Fe\u201d, y destac\u00f3 que \u201cen este viaje que vamos a emprender en la segunda edici\u00f3n, con un jurado impecable, va a traer las nuevas generaciones de la cumbia. Estamos demostrando, no s\u00f3lo, que la cumbia es cultura, sino que es g\u00e9nero\u201d.<\/p>\n<p>Por su parte, el ministro de la Producci\u00f3n, Luis Contigiani, felicit\u00f3 \u00abla decisi\u00f3n pol\u00edtica del gobernador, por haber tra\u00eddo la cumbia a la Casa de Gobierno de la provincia de Santa Fe, es un hecho que habla por si mismo, maravilloso y tenemos que celebrar\u00bb; y destac\u00f3 que \u00abun gobierno que apuesta a la felicidad popular, ha juntarnos para que nuestro pueblo se encuentre y pueda compartir es maravilloso; y lo hacemos entendiendo que la felicidad es compartir, es la apuesta mas extraordinaria que puede tener un gobierno\u00bb.<\/p>\n<p>El senador por el departamento La Capital, Emilio Jat\u00f3n, expres\u00f3 que \u201cla cumbia forma parte de la historia y de la idiosincracia de los barrios. Hace a\u00f1os que luchamos por la cumbia. Santa Fe es cumbia y, aunque no les guste a algunos, esto va a seguir para adelante porque forma parte del ADN de los santafesinos\u201d.<\/p>\n<p>FIESTA NACIONAL DE LA CUMBIA SANTAFESINA<\/p>\n<p>Esta fiesta tiene como objetivo enaltecer la historia de la cumbia y de las bandas que a trav\u00e9s del tiempo han ido formando la historia de este g\u00e9nero musical. En esta ocasi\u00f3n la Fiesta Nacional de la Cumbia Santafesina, tendr\u00e1 una primera etapa que recorrer\u00e1 cinco localidades estrat\u00e9gicas una por cada regi\u00f3n de la provincia.<\/p>\n<p>Las Toscas, Firmat, Sunchales, Rosario y Santa Fe ser\u00e1n subsedes de eventos musicales en los que se seleccionar\u00e1n las bandas locales que participen de la gran Fiesta Nacional de la Cumbia Santafesina los d\u00edas 3, 4 y 5 de noviembre en la ciudad de Santa Fe.<\/p>\n<p>Al respecto, Pipi Rivero resalt\u00f3 que \u201cning\u00fan grupo podr\u00e1 decir que no le dieron la oportunidad, ya que todos van a poder inscribirse al concurso\u201d, para participar de esta nueva edici\u00f3n de la Fiesta de la Cumbia.<\/p>\n<p>Carlos Rom\u00e1n agradeci\u00f3 la posibilidad de participar y destac\u00f3 que \u00abla primera fiesta fue muy importante. Las sesenta mil personas que se dieron cita en la primera edici\u00f3n, dieron un claro ejemplo de que est\u00e1n \u00e1vidas de ver buenos espect\u00e1culos. Todos, el gobernador y sus funcionarios, trabajaron a la par para que esto fuera lo que mucha gente coment\u00f3\u00bb.<\/p>\n<p>PRESENTES<\/p>\n<p>Tambi\u00e9n participaron del acto los ministros de Gobierno y Reforma del Estado, Pablo Far\u00edas; los diputados provinciales Julio Garibaldi y Clara Garc\u00eda; el secretario de Programaciones, Alejandro Tejeda; y los intendentes de Firmat, Lionel Maximino, y de Sunchales, Gonzalo Toselli.<\/p>\n<h6>\nFuente:\u00a0Sin Mordaza<\/h6>\n","protected":false},"excerpt":{"rendered":"<p>\u201cLa cumbia santafesina es una forma de presencia, es movimiento, alegr\u00eda, compartir, es la m\u00fasica que se disfruta con otros\u00bb<\/p>\n","protected":false},"author":2,"featured_media":69252,"comment_status":"closed","ping_status":"closed","sticky":false,"template":"","format":"standard","meta":{"footnotes":""},"categories":[47],"tags":[10],"class_list":["post-69251","post","type-post","status-publish","format-standard","has-post-thumbnail","hentry","category-fiestas","tag-santa-fe"],"_links":{"self":[{"href":"http:\/\/argentinamunicipal.com.ar\/argentina\/wp-json\/wp\/v2\/posts\/69251","targetHints":{"allow":["GET"]}}],"collection":[{"href":"http:\/\/argentinamunicipal.com.ar\/argentina\/wp-json\/wp\/v2\/posts"}],"about":[{"href":"http:\/\/argentinamunicipal.com.ar\/argentina\/wp-json\/wp\/v2\/types\/post"}],"author":[{"embeddable":true,"href":"http:\/\/argentinamunicipal.com.ar\/argentina\/wp-json\/wp\/v2\/users\/2"}],"replies":[{"embeddable":true,"href":"http:\/\/argentinamunicipal.com.ar\/argentina\/wp-json\/wp\/v2\/comments?post=69251"}],"version-history":[{"count":0,"href":"http:\/\/argentinamunicipal.com.ar\/argentina\/wp-json\/wp\/v2\/posts\/69251\/revisions"}],"wp:featuredmedia":[{"embeddable":true,"href":"http:\/\/argentinamunicipal.com.ar\/argentina\/wp-json\/wp\/v2\/media\/69252"}],"wp:attachment":[{"href":"http:\/\/argentinamunicipal.com.ar\/argentina\/wp-json\/wp\/v2\/media?parent=69251"}],"wp:term":[{"taxonomy":"category","embeddable":true,"href":"http:\/\/argentinamunicipal.com.ar\/argentina\/wp-json\/wp\/v2\/categories?post=69251"},{"taxonomy":"post_tag","embeddable":true,"href":"http:\/\/argentinamunicipal.com.ar\/argentina\/wp-json\/wp\/v2\/tags?post=69251"}],"curies":[{"name":"wp","href":"https:\/\/api.w.org\/{rel}","templated":true}]}}