{"id":69320,"date":"2017-11-01T07:05:47","date_gmt":"2017-11-01T10:05:47","guid":{"rendered":"http:\/\/argentinamunicipal.com.ar\/argentina\/?p=69320"},"modified":"2017-11-01T07:05:47","modified_gmt":"2017-11-01T10:05:47","slug":"buenos-aires-lacunza-defendio-presupuesto-la-oposicion-alerta-avance-autonomias-municipales","status":"publish","type":"post","link":"http:\/\/argentinamunicipal.com.ar\/argentina\/buenos-aires-lacunza-defendio-presupuesto-la-oposicion-alerta-avance-autonomias-municipales\/","title":{"rendered":"Buenos Aires: Lacunza defendi\u00f3 el Presupuesto, pero la oposici\u00f3n alerta por \u201cavance sobre autonom\u00edas municipales\u00bb"},"content":{"rendered":"<p>El ministro fue a exponer los lineamientos de la \u201cLey de leyes\u201d ante diputados y senadores del oficialismo y oposici\u00f3n. Resalt\u00f3 la \u201cbaja en el d\u00e9ficit\u201d. Desde el peronismo alertaron sobre puntos que \u201cafectan la autonom\u00eda\u201d de los Municipios.<\/p>\n<p>El ministro de Econom\u00eda bonaerense, Hern\u00e1n Lacunza, y funcionarios de su gabinete presentaron hoy el proyecto de ley del Presupuesto provincial para 2018 ante la Comisi\u00f3n Bicameral de Presupuesto e Impuestos de la Legislatura.<\/p>\n<p>El vicegobernador Daniel Salvador; el presidente de la C\u00e1mara de Diputados de la Provincia, Manuel Mosca; y el presidente de la Comisi\u00f3n de Presupuesto e Impuestos, Marcelo Daletto, recibieron al ministro junto a los subsecretarios de Pol\u00edtica y Coordinaci\u00f3n Econ\u00f3mica, Dami\u00e1n Bonari; Hacienda, Juan Sanguinetti; y Finanzas, Sebasti\u00e1n Katz; para el debate del proyecto del Poder Ejecutivo para el ejercicio fiscal 2018.<\/p>\n<p>Al salir del encuentro, Lacunza destac\u00f3: \u201cEntrando al tercer a\u00f1o de gobierno hemos podido presentar un presupuesto que sube la obra p\u00fablica, baja el d\u00e9ficit y baja los impuestos que es lo que quer\u00edamos hacer desde hace un par de a\u00f1os\u201d.<\/p>\n<p>\u201cSeguimos evolucionando en el sentido deseado y sobre todo con una baja de impuestos que favorece a los que menos tienen que son los que m\u00e1s pagan Ingresos Brutos\u201d, agreg\u00f3 el funcionario de Vidal.<\/p>\n<p>En ese sentido destac\u00f3: \u201cHay una baja sustantiva de los impuestos que gravan la producci\u00f3n porque queremos promover la inversi\u00f3n y la generaci\u00f3n de empleo\u201d.<\/p>\n<p>Sobre el \u201cPacto Fiscal\u201d con los intendentes, Lacunza expres\u00f3: \u201cEl objetivo de esa ley de responsabilidad fiscal de los municipios es de sentido com\u00fan: que el gasto corriente no suba m\u00e1s que la inflaci\u00f3n, que la planta municipal no suba m\u00e1s que la poblaci\u00f3n, que la deuda sea una proporci\u00f3n razonable de los recursos, que no se traslade la herencia negativa al siguiente. Son normas de sentido com\u00fan\u201d.<\/p>\n<p>\u201cEl que cumpla con esas normas y quiere hacer una obra la provincia le va a dar la posibilidad de contraer deuda o cr\u00e9dito, y tambi\u00e9n va a tener derecho a alguna asistencia de la provincia cuando tenga alguna contingencia o baja imprevista de recursos\u201d, a\u00f1adi\u00f3.<\/p>\n<p>Pese a estas aristas, desde el peronismo alineado a Unidad Ciudadana mostraron serias dudas ante algunos puntos fundamentales. Desde el bloque FpV-PJ dejaron sobre la mesa su \u201cpreocupaci\u00f3n\u201d sobre el nivel de endeudamiento (que en realidad ronda los 85 mil millones de pesos, cifra superior a los 60 mil millones que sostiene el Ejecutivo). Adem\u00e1s, los senadores peronistas tambi\u00e9n mostraron preocupaci\u00f3n sobre lo que consideran\u00a0 \u201cun avance del Ejecutivo sobre la autonom\u00eda municipal\u201d.<\/p>\n<p>De todas formas, anunciaron su voluntad de seguir participando de las reuniones con integrantes del Ejecutivo para \u201canalizar el articulado del proyecto de ley de presupuesto 2018\u201d, \u201cen di\u00e1logo\u201d con los equipos t\u00e9cnicos y con los intendentes de su espacio. Un dato aparte es el endeudamiento que Provincia piensa tener con Naci\u00f3n (4.500 millones de pesos), algo que a la oposici\u00f3n no le termina de cerrar. Desde el peronismo le preguntaron a Lacunza el motivo de generar deuda con el Gobierno Nacional, pero el funcionario a\u00fan no dio respuesta. \u201c\u00bfPor qu\u00e9 hay que contraer deuda con Naci\u00f3n?\u201d, se preguntaron desde ese espacio.<\/p>\n<p>Seg\u00fan pudo saber\u00a0INFOCIELO, otro detalle que Lacunza puso sobre la mesa durante la reuni\u00f3n a puertas cerradas es que \u00a0el Fondo de Infraestructura Municipal (FIM) no se va a reeditar en el 2018. Seg\u00fan fuentes que estuvieron en el encuentro, los argumentos esgrimidos por el funcionario bonaerense son que \u201clas grandes obras generan m\u00e1s beneficio econ\u00f3mico que las peque\u00f1as\u201d y que \u201cque no fue eficiente el manejo de los Municipios\u201d.<\/p>\n<p>Sin embargo, este portal pudo saber que desde la primera plana de Gobernaci\u00f3n admitieron que el Fondo de Infraestructura puede volver si es que los intendentes insisten con reeditarlo. En lo concreto, el FIM puede ser usado como factor de negociaci\u00f3n del oficialismo con la oposici\u00f3n para la aprobaci\u00f3n del Presupuesto.<\/p>\n<p>Por otro lado, desde el peronismo en Diputados hicieron foco sobre varios puntos que \u201cafectan la autonom\u00eda municipal\u201d. Desde ese espacio, contaron que el proyecto de Presupuesto afecta al Fondo Educativo, que por ley nacional establece transferencia directa hacia los municipios, dado que los planes del Ejecutivo para el 2018 los Municipios van a tener que invertir el 85 por ciento de esos fondos en el sistema educativo de la Provincia y va a ser la administraci\u00f3n bonaerense la que va a determinar c\u00f3mo se gastan esos fondos. Tambi\u00e9n se crear\u00eda un nuevo \u00edndice para distribuci\u00f3n de esos fondos.<\/p>\n<p>En cuanto a la reducci\u00f3n de Ingresos Brutos, desde el peronismo alertan que ese 10 por ciento va a \u201cterminar afectando los municipios en una reducci\u00f3n del Fondo de Inclusi\u00f3n Social y el Fondo de Fortalecimiento de Municipios en 600 millones de pesos\u201d. \u201cEso ser\u00eda menos plata para los municipios\u201d, resaltaron.<\/p>\n<p>Desde Cambiemos dejaron trascender que buscar\u00e1n aprobar la \u201cLey de leyes\u201d antes del 20 de noviembre. Desde un sector del peronismo ya ponen sus reparos a un \u201ctratamiento expr\u00e9s\u201d del presupuesto, pero desde otros sectores deslizan que \u201cno habr\u00e1 muchos problemas como a\u00f1os anteriores\u201d. Falta escuchar la voz de los intendentes del peronismo.<\/p>\n<h6>Fuente: InfoCielo<\/h6>\n","protected":false},"excerpt":{"rendered":"<p>El ministro fue a exponer los lineamientos de la \u201cLey de leyes\u201d ante diputados y senadores del oficialismo y oposici\u00f3n. Resalt\u00f3 la \u201cbaja en el d\u00e9ficit\u201d. Desde el peronismo alertaron sobre puntos que \u201cafectan la autonom\u00eda\u201d de los Municipios.<\/p>\n","protected":false},"author":2,"featured_media":69321,"comment_status":"closed","ping_status":"closed","sticky":false,"template":"","format":"standard","meta":{"footnotes":""},"categories":[4],"tags":[12],"class_list":["post-69320","post","type-post","status-publish","format-standard","has-post-thumbnail","hentry","category-informe-politico","tag-buenos-aires"],"_links":{"self":[{"href":"http:\/\/argentinamunicipal.com.ar\/argentina\/wp-json\/wp\/v2\/posts\/69320","targetHints":{"allow":["GET"]}}],"collection":[{"href":"http:\/\/argentinamunicipal.com.ar\/argentina\/wp-json\/wp\/v2\/posts"}],"about":[{"href":"http:\/\/argentinamunicipal.com.ar\/argentina\/wp-json\/wp\/v2\/types\/post"}],"author":[{"embeddable":true,"href":"http:\/\/argentinamunicipal.com.ar\/argentina\/wp-json\/wp\/v2\/users\/2"}],"replies":[{"embeddable":true,"href":"http:\/\/argentinamunicipal.com.ar\/argentina\/wp-json\/wp\/v2\/comments?post=69320"}],"version-history":[{"count":0,"href":"http:\/\/argentinamunicipal.com.ar\/argentina\/wp-json\/wp\/v2\/posts\/69320\/revisions"}],"wp:featuredmedia":[{"embeddable":true,"href":"http:\/\/argentinamunicipal.com.ar\/argentina\/wp-json\/wp\/v2\/media\/69321"}],"wp:attachment":[{"href":"http:\/\/argentinamunicipal.com.ar\/argentina\/wp-json\/wp\/v2\/media?parent=69320"}],"wp:term":[{"taxonomy":"category","embeddable":true,"href":"http:\/\/argentinamunicipal.com.ar\/argentina\/wp-json\/wp\/v2\/categories?post=69320"},{"taxonomy":"post_tag","embeddable":true,"href":"http:\/\/argentinamunicipal.com.ar\/argentina\/wp-json\/wp\/v2\/tags?post=69320"}],"curies":[{"name":"wp","href":"https:\/\/api.w.org\/{rel}","templated":true}]}}