{"id":69335,"date":"2017-11-01T07:25:25","date_gmt":"2017-11-01T10:25:25","guid":{"rendered":"http:\/\/argentinamunicipal.com.ar\/argentina\/?p=69335"},"modified":"2017-11-01T07:25:25","modified_gmt":"2017-11-01T10:25:25","slug":"mas-cambios-gabinete-macri-sale-buryaille-entra-etchevehere-agroindustria","status":"publish","type":"post","link":"http:\/\/argentinamunicipal.com.ar\/argentina\/mas-cambios-gabinete-macri-sale-buryaille-entra-etchevehere-agroindustria\/","title":{"rendered":"M\u00e1s cambios en el Gabinete de Macri: Sale Buryaille y entra Etchevehere en Agroindustria"},"content":{"rendered":"<p>Lo confirm\u00f3 el Jefe de Gabinete, Marcos Pe\u00f1a. El saliente ministro ir\u00e1 de Agregado Comercial ante la Uni\u00f3n Europea. Su reemplazo es otro cuadro de la Sociedad Rural Argentina.<\/p>\n<p>El jefe de Gabinete Marcos Pe\u00f1a anunci\u00f3 otro cambio en el equipo ministerial de Mauricio Macri. Tras la salida de Jorge Lemus de Salud, Ricardo Buryaille, titular de Agroindustria, deja su cargo. Lo reemplaza otro \u00abcuadro\u00bb de la Sociedad Rural: Miguel Etchevehere.<\/p>\n<p>INFOCIELO vino dando cuenta del malestar en el sector rural con el Gobierno, a pesar del espaldarazo de la \u00faltima elecci\u00f3n, que concentr\u00f3 el voto oficialista en las zonas m\u00e1s rentables del campo. Parte de los cuestionamientos tienen que ver con la apertura de importaciones y con la baja en el presupuesto para esa \u00e1rea.<\/p>\n<p>Ahora, ese malestar tiene una consecuencia concreta. Etchevehere reemplazar\u00e1 a Buryaille, que pasar\u00e1 a representar al pa\u00eds ante la Uni\u00f3n Europea como agregado comercial, a pesar de que en el anuncio oficial, Pe\u00f1a habl\u00f3 de un cargo de embajador.<\/p>\n<p>Etchevehere viene haciendo un fuerte lobby por el cargo desde hace bastante tiempo, de hecho se sube a cuanta misi\u00f3n comercial env\u00eda el Gobierno. Y significa una frustraci\u00f3n para Ricardo Negri, segundo de Buryaille.<\/p>\n<h6>Fuente: InfoCielo<\/h6>\n","protected":false},"excerpt":{"rendered":"<p>Lo confirm\u00f3 el Jefe de Gabinete, Marcos Pe\u00f1a. El saliente ministro ir\u00e1 de Agregado Comercial ante la Uni\u00f3n Europea. Su reemplazo es otro cuadro de la Sociedad Rural Argentina.<\/p>\n","protected":false},"author":2,"featured_media":69336,"comment_status":"closed","ping_status":"closed","sticky":false,"template":"","format":"standard","meta":{"footnotes":""},"categories":[8],"tags":[21],"class_list":["post-69335","post","type-post","status-publish","format-standard","has-post-thumbnail","hentry","category-informe-nacional","tag-argentina"],"_links":{"self":[{"href":"http:\/\/argentinamunicipal.com.ar\/argentina\/wp-json\/wp\/v2\/posts\/69335","targetHints":{"allow":["GET"]}}],"collection":[{"href":"http:\/\/argentinamunicipal.com.ar\/argentina\/wp-json\/wp\/v2\/posts"}],"about":[{"href":"http:\/\/argentinamunicipal.com.ar\/argentina\/wp-json\/wp\/v2\/types\/post"}],"author":[{"embeddable":true,"href":"http:\/\/argentinamunicipal.com.ar\/argentina\/wp-json\/wp\/v2\/users\/2"}],"replies":[{"embeddable":true,"href":"http:\/\/argentinamunicipal.com.ar\/argentina\/wp-json\/wp\/v2\/comments?post=69335"}],"version-history":[{"count":0,"href":"http:\/\/argentinamunicipal.com.ar\/argentina\/wp-json\/wp\/v2\/posts\/69335\/revisions"}],"wp:featuredmedia":[{"embeddable":true,"href":"http:\/\/argentinamunicipal.com.ar\/argentina\/wp-json\/wp\/v2\/media\/69336"}],"wp:attachment":[{"href":"http:\/\/argentinamunicipal.com.ar\/argentina\/wp-json\/wp\/v2\/media?parent=69335"}],"wp:term":[{"taxonomy":"category","embeddable":true,"href":"http:\/\/argentinamunicipal.com.ar\/argentina\/wp-json\/wp\/v2\/categories?post=69335"},{"taxonomy":"post_tag","embeddable":true,"href":"http:\/\/argentinamunicipal.com.ar\/argentina\/wp-json\/wp\/v2\/tags?post=69335"}],"curies":[{"name":"wp","href":"https:\/\/api.w.org\/{rel}","templated":true}]}}