{"id":69398,"date":"2017-11-03T07:01:21","date_gmt":"2017-11-03T10:01:21","guid":{"rendered":"http:\/\/argentinamunicipal.com.ar\/argentina\/?p=69398"},"modified":"2017-11-03T07:01:21","modified_gmt":"2017-11-03T10:01:21","slug":"una-reunion-abrir-las-negociaciones","status":"publish","type":"post","link":"http:\/\/argentinamunicipal.com.ar\/argentina\/una-reunion-abrir-las-negociaciones\/","title":{"rendered":"Una reuni\u00f3n para abrir las negociaciones"},"content":{"rendered":"<p>Antes de sentar posici\u00f3n, la conducci\u00f3n de la central obrera quiere acordar un mecanismo de trabajo con el Gobierno para discutir modificaciones al proyecto oficial. Rechazo a los cambios a la ley de Contrato de Trabajo.<\/p>\n<p>La conducci\u00f3n de la CGT se reunir\u00e1 hoy cara a cara con el ministro de Trabajo, Jorge Triaca. Ser\u00e1 el primer encuentro luego de que el gobierno presentara el proyecto de reforma laboral. Los sindicalistas quieren evitar que les apuren una definici\u00f3n y por eso le ofrecer\u00e1n al ministro una metodolog\u00eda de trabajo para desmenuzar el proyecto y, sobre todo, anular del texto del proyecto todo aquello que consideran que destruir\u00e1 la base del derecho laboral y que se expresa en las modificaciones a la ley de Contrato de Trabajo.<\/p>\n<p>Hay molestia entre los dirigentes gremiales pero no en el mismo grado e intensidad. Por ahora, entre los que integran la conducci\u00f3n de la central obrera ninguno se expres\u00f3 p\u00fablicamente a favor de endurecer posiciones y mucho menos de una medida de fuerza. La mayor\u00eda apuesta por ahora a entablar una negociaci\u00f3n para eliminar esa treintena de art\u00edculos que flexibilizan las relaciones laborales.<\/p>\n<p>Por otra parte, los gremialistas juran y perjuran que durante las charlas previas con Triaca jam\u00e1s se habl\u00f3 de estas modificaciones y eso es lo que m\u00e1s disgusto provoca. Ese, seguramente, ser\u00e1 uno de las primeras quejas que escuchar\u00e1 hoy el ministro. Algunos de los sindicalistas est\u00e1n convencidos de que los cap\u00edtulos m\u00e1s negativos del proyecto no son de autor\u00eda de Triaca y hasta se arriesgan a decir que tampoco est\u00e1 la mano del vicejefe de Gabinete, Mario Quintana. Pero hasta ahora no saben (o no quieren decirlo) como implementar aquello de \u201cpegarle al chancho para que salte el due\u00f1o\u201d.<\/p>\n<p>Hasta ahora, uno de los pocos que hizo p\u00fablica su opini\u00f3n sobre el proyecto fue el triunviro H\u00e9ctor Daer. \u201cLa gente, inclusive la que vot\u00f3 al Gobierno, no discuti\u00f3 la p\u00e9rdida de derechos\u201d, dijo. Luego, tal vez buscando la reacci\u00f3n solidaria del sector de los empresarios pymes, advirti\u00f3 que el proyecto beneficia claramente a las grandes empresas porque plantea una reducci\u00f3n de los aportes patronales (del 21 por ciento al 19,5) y, como contrapartida, un incremento de \u00e9stos, del 17 por ciento al 18,5 por ciento, para las peque\u00f1as y medianas empresas que, como se dice habitualmente, son las que m\u00e1s puestos de trabajo garantizan. \u201cMe extra\u00f1a que este sector de los empresarios no digan nada al respecto\u201d, azuz\u00f3 el titular del gremio de la Sanidad.<\/p>\n<p>El otro que habl\u00f3 fue Juan Carlos Schmid, quien exigi\u00f3 m\u00e1s franqueza por parte del gobierno \u201cpara saber si de verdad est\u00e1n en la b\u00fasqueda de consensos\u201d. En cuanto a las modificaciones al sistema previsional el titular del sindicato de Dragado y Balizamiento se\u00f1al\u00f3 que la CGT \u201cmantendr\u00e1 el reclamo de la recomposici\u00f3n de los haberes jubilatorios sobre el 53 por ciento de hombres y mujeres que cobran la m\u00ednima\u201d.<\/p>\n<p>Por ahora entre los que conducen la CGT prima la estrategia de intentar corregir el proyecto en el marco de las negociaciones con el ministro Triaca porque no quieren arriesgarse a esperar que se resuelva todo en el Congreso de la Naci\u00f3n. \u201cPreferimos que llegue al Parlamento lo m\u00e1s corregida que se pueda y evitar cualquier sorpresa desagradable\u201d, confi\u00f3 uno de los cegetistas. Eso s\u00ed, tambi\u00e9n jura que ha estado recibiendo llamados de muchos diputados, incluso de Cambiemos, que le expresan su desacuerdo con el proyecto.<\/p>\n<p>Hay otro sector de los que conducen la central obrera, que no particip\u00f3 de los encuentros previos con Triaca, que se arriesgan a decir que todo lo que est\u00e1 sucediendo \u201ces una puesta en escena\u201d y que los art\u00edculos cuestionados ser\u00e1n eliminados para que el proyecto contenga lo que realmente le importa a los negociadores de la CGT y al gobierno como el blanqueo de trabajadores, la depuraci\u00f3n de sindicatos y, sobre todo, la implementaci\u00f3n del Instituto de Investigaciones Tecnol\u00f3gicas de Salud, cuyo objetivo ser\u00e1 frenar la obligaci\u00f3n de las obras sociales sindicales de hacerse cargo de tratamientos m\u00e9dicos de enfermedades poco frecuentes y que suele implicar la erogaci\u00f3n de fuertes sumas de dinero para la compra de medicamentos. Una medida que los gremios vienen reclamando argumentando que ese tipo de patolog\u00edas se quedan con buena parte del dinero de las obras sociales en detrimento e los afiliados.<\/p>\n<h6>Fuente: P\u00e1gina 12<\/h6>\n","protected":false},"excerpt":{"rendered":"<p>Antes de sentar posici\u00f3n, la conducci\u00f3n de la central obrera quiere acordar un mecanismo de trabajo con el Gobierno para discutir modificaciones al proyecto oficial. Rechazo a los cambios a la ley de Contrato de Trabajo.<\/p>\n","protected":false},"author":2,"featured_media":69399,"comment_status":"closed","ping_status":"closed","sticky":false,"template":"","format":"standard","meta":{"footnotes":""},"categories":[8],"tags":[21],"class_list":["post-69398","post","type-post","status-publish","format-standard","has-post-thumbnail","hentry","category-informe-nacional","tag-argentina"],"_links":{"self":[{"href":"http:\/\/argentinamunicipal.com.ar\/argentina\/wp-json\/wp\/v2\/posts\/69398","targetHints":{"allow":["GET"]}}],"collection":[{"href":"http:\/\/argentinamunicipal.com.ar\/argentina\/wp-json\/wp\/v2\/posts"}],"about":[{"href":"http:\/\/argentinamunicipal.com.ar\/argentina\/wp-json\/wp\/v2\/types\/post"}],"author":[{"embeddable":true,"href":"http:\/\/argentinamunicipal.com.ar\/argentina\/wp-json\/wp\/v2\/users\/2"}],"replies":[{"embeddable":true,"href":"http:\/\/argentinamunicipal.com.ar\/argentina\/wp-json\/wp\/v2\/comments?post=69398"}],"version-history":[{"count":0,"href":"http:\/\/argentinamunicipal.com.ar\/argentina\/wp-json\/wp\/v2\/posts\/69398\/revisions"}],"wp:featuredmedia":[{"embeddable":true,"href":"http:\/\/argentinamunicipal.com.ar\/argentina\/wp-json\/wp\/v2\/media\/69399"}],"wp:attachment":[{"href":"http:\/\/argentinamunicipal.com.ar\/argentina\/wp-json\/wp\/v2\/media?parent=69398"}],"wp:term":[{"taxonomy":"category","embeddable":true,"href":"http:\/\/argentinamunicipal.com.ar\/argentina\/wp-json\/wp\/v2\/categories?post=69398"},{"taxonomy":"post_tag","embeddable":true,"href":"http:\/\/argentinamunicipal.com.ar\/argentina\/wp-json\/wp\/v2\/tags?post=69398"}],"curies":[{"name":"wp","href":"https:\/\/api.w.org\/{rel}","templated":true}]}}