{"id":69401,"date":"2017-11-03T07:07:34","date_gmt":"2017-11-03T10:07:34","guid":{"rendered":"http:\/\/argentinamunicipal.com.ar\/argentina\/?p=69401"},"modified":"2017-11-03T07:07:34","modified_gmt":"2017-11-03T10:07:34","slug":"plan-futuro-volver-al-pasado","status":"publish","type":"post","link":"http:\/\/argentinamunicipal.com.ar\/argentina\/plan-futuro-volver-al-pasado\/","title":{"rendered":"El plan para el futuro es volver al pasado"},"content":{"rendered":"<p>El contenido de la reforma laboral propuesta por el gobierno avanza sobre derechos consagrados desde la recuperaci\u00f3n de la democracia. Detalles de un proyecto que barre con d\u00e9cadas de conquistas y limita el derecho a litigar de los trabajadores.<\/p>\n<p>No es una reforma m\u00e1s, sino el intento de inclinar definitivamente la cancha en el mercado laboral en favor de los intereses patronales. El avance de la reforma propuesta por el oficialismo, con la derogaci\u00f3n o modificaci\u00f3n sustancial de diversos art\u00edculos de la Ley de Contrato de Trabajo, supondr\u00e1 barrer con derechos adquiridos durante d\u00e9cadas y reconocidos por gobiernos de distinto color pol\u00edtico en a\u00f1os de la democracia. El retroceso en los derechos laborales que propone el Poder Ejecutivo se alinea con la reforma laboral recientemente dispuesta en Brasil por el gobierno de Michel Temer, en una corriente de avance del capital m\u00e1s concentrado del que Mauricio Macri no quiere dejar de ser parte. Un trabajo realizado por el Centro de Investigaci\u00f3n y Formaci\u00f3n de la Rep\u00fablica Argentina (Cifra), que dirige Eduardo Basualdo, analiza punto por punto la propuesta oficial y revela los alcances nefastos que tendr\u00e1 en las relaciones obrero patronales.<\/p>\n<p>El proyecto \u201cavanza sobre los derechos laborales con tercerizaci\u00f3n, flexibilizaci\u00f3n y precarizaci\u00f3n y reduce costos laborales mediante la baja de contribuciones patronales, indemnizaciones y juicios, con lo cual se constituye en una reforma pro mercado\u201d, advierte el documento. \u201cSe afirma que la reforma favorecer\u00e1 la creaci\u00f3n de puestos de trabajo pero los efectos son los contrarios, ya que se facilitar\u00e1n y reducir\u00e1n los costos de despido. Es improbable que la transferencia de ingresos desde el trabajo al capital redunde en mayores empleos, del mismo modo que las reformas laborales de los noventa, con lineamientos similares, fueron contempor\u00e1neas a una mayor desocupaci\u00f3n\u201d, subraya el informe. Los cambios en las condiciones laborales propuestos, cap\u00edtulo por cap\u00edtulo, ser\u00edan los siguientes, en caso de concretarse:<\/p>\n<p><strong>Flexibilizaci\u00f3n horaria.<\/strong>\u00a0Se permite la implementaci\u00f3n de bancos de horas mediante los convenios colectivos de trabajo. Este sistema implica que se realice una compensaci\u00f3n de horas a lo largo de un a\u00f1o, de modo que las horas trabajadas en exceso en una jornada se compensen con menos horas en otro d\u00eda. Mediante este sistema se pueden establecer jornadas de hasta 10 horas diarias sin pagar horas extras. Es un sistema similar al que se implement\u00f3 en Brasil con la \u00faltima reforma laboral. Adem\u00e1s, se modifica la definici\u00f3n de contrato a tiempo parcial, de modo de habilitar jornadas de trabajo de duraci\u00f3n variable.<\/p>\n<p><strong>Reducci\u00f3n de indemnizaciones por despido<\/strong>.\u00a0No son contemplados para el c\u00e1lculo de las indemnizaciones por despido las compensaciones de gastos y todo rubro que carezca de periodicidad mensual, normal y habitual. Implica una reducci\u00f3n del monto de indemnizaci\u00f3n. Adem\u00e1s, se crea el \u201cFondo de cese laboral\u201d que permitir\u00e1 financiar el pago de preaviso y despido sin causa, sustituyendo las obligaciones previstas al empleador. El Fondo ser\u00e1 creado en el marco de los convenios colectivos de trabajo. En caso de retiro voluntario el trabajador podr\u00e1 cobrar hasta el 50 por ciento de los fondos nominados que le correspondan. La creaci\u00f3n de este Fondo facilita los despidos al suprimir el pago de una sola vez. El empleador que desee despedir un trabajador no debe afrontar el pago de la indemnizaci\u00f3n. No se garantiza que el fondo cubra la totalidad del monto de una indemnizaci\u00f3n.<\/p>\n<p><strong>Restricci\u00f3n al inicio de juicios laborales.\u00a0<\/strong>Revoca la irrenunciabilidad de los derechos que surgen de contratos individuales, que se hab\u00eda incorporado en 2009. Se vuelve as\u00ed a la norma de 1976, donde se permite renunciar a los derechos adquiridos de manera individual. Elimina la posibilidad de acci\u00f3n de restablecimiento de las condiciones de trabajo en caso de ejercicio abusivo del ius variandi, que es la facultad del empleador de modificar tales condiciones. El proyecto de ley sostiene que el reclamo se puede realizar si ello est\u00e1 contemplado en el convenio colectivo de trabajo, pero los convenios no lo contemplan. As\u00ed se habilita la polivalencia funcional. Se reduce el plazo para iniciar juicios laborales de 2 a\u00f1os a un a\u00f1o. De esta manera se profundiza la reducci\u00f3n que hab\u00eda realizado la \u00faltima dictadura militar (de 4 a 2 a\u00f1os).<\/p>\n<p><strong>A favor: licencias por paternidad<\/strong>.\u00a0Extiende la licencia por nacimiento de un hijo de los dos d\u00edas corridos actuales, a 15 d\u00edas corridos. Incorpora adem\u00e1s la posibilidad de programar y acordar con el empleador una reducci\u00f3n transitoria de la jornada laboral y la remuneraci\u00f3n para el cuidado de menores de hasta 4 a\u00f1os. Se agrega, por otra parte, la posibilidad de tomar licencia por 30 d\u00edas sin goce de haberes por a\u00f1o calendario, \u201cpor razones personales planificadas\u201d. En su an\u00e1lisis, el trabajo de Cifra sostiene que \u201csi bien estos puntos son positivos, se trata de cuestiones de menor relevancia en relaci\u00f3n con el conjunto de modificaciones regresivas que se pretende implementar con esta reforma\u201d. En particular, refiere que \u201cla ampliaci\u00f3n de la licencia por nacimiento de hijo, necesaria desde el punto de vista de una mayor equidad de g\u00e9nero, no puede ser excusa para avanzar sobre los derechos laborales y debilitar las posibilidades de organizaci\u00f3n y negociaci\u00f3n colectiva\u201d.<\/p>\n<h6>Fuente: P\u00e1gina 12<\/h6>\n","protected":false},"excerpt":{"rendered":"<p>El contenido de la reforma laboral propuesta por el gobierno avanza sobre derechos consagrados desde la recuperaci\u00f3n de la democracia. <\/p>\n","protected":false},"author":2,"featured_media":69402,"comment_status":"closed","ping_status":"closed","sticky":false,"template":"","format":"standard","meta":{"footnotes":""},"categories":[8],"tags":[21],"class_list":["post-69401","post","type-post","status-publish","format-standard","has-post-thumbnail","hentry","category-informe-nacional","tag-argentina"],"_links":{"self":[{"href":"http:\/\/argentinamunicipal.com.ar\/argentina\/wp-json\/wp\/v2\/posts\/69401","targetHints":{"allow":["GET"]}}],"collection":[{"href":"http:\/\/argentinamunicipal.com.ar\/argentina\/wp-json\/wp\/v2\/posts"}],"about":[{"href":"http:\/\/argentinamunicipal.com.ar\/argentina\/wp-json\/wp\/v2\/types\/post"}],"author":[{"embeddable":true,"href":"http:\/\/argentinamunicipal.com.ar\/argentina\/wp-json\/wp\/v2\/users\/2"}],"replies":[{"embeddable":true,"href":"http:\/\/argentinamunicipal.com.ar\/argentina\/wp-json\/wp\/v2\/comments?post=69401"}],"version-history":[{"count":0,"href":"http:\/\/argentinamunicipal.com.ar\/argentina\/wp-json\/wp\/v2\/posts\/69401\/revisions"}],"wp:featuredmedia":[{"embeddable":true,"href":"http:\/\/argentinamunicipal.com.ar\/argentina\/wp-json\/wp\/v2\/media\/69402"}],"wp:attachment":[{"href":"http:\/\/argentinamunicipal.com.ar\/argentina\/wp-json\/wp\/v2\/media?parent=69401"}],"wp:term":[{"taxonomy":"category","embeddable":true,"href":"http:\/\/argentinamunicipal.com.ar\/argentina\/wp-json\/wp\/v2\/categories?post=69401"},{"taxonomy":"post_tag","embeddable":true,"href":"http:\/\/argentinamunicipal.com.ar\/argentina\/wp-json\/wp\/v2\/tags?post=69401"}],"curies":[{"name":"wp","href":"https:\/\/api.w.org\/{rel}","templated":true}]}}