{"id":69404,"date":"2017-11-03T07:14:35","date_gmt":"2017-11-03T10:14:35","guid":{"rendered":"http:\/\/argentinamunicipal.com.ar\/argentina\/?p=69404"},"modified":"2017-11-03T07:14:35","modified_gmt":"2017-11-03T10:14:35","slug":"resistiendo-la-furia-del-interior","status":"publish","type":"post","link":"http:\/\/argentinamunicipal.com.ar\/argentina\/resistiendo-la-furia-del-interior\/","title":{"rendered":"Resistiendo la furia del interior"},"content":{"rendered":"<p>\u201cLa respuesta ha sido muy positiva\u201d, asegur\u00f3 el jefe de Gabinete. Pero los gobernadores de Mendoza, San Juan, Tierra del Fuego, Salta y Tucum\u00e1n preparan los reclamos que llevar\u00e1n a la reuni\u00f3n que mantendr\u00e1n con Macri.<\/p>\n<p>Los gobernadores de Tierra del Fuego, Mendoza, San Juan, Tucum\u00e1n y Salta llevar\u00e1n sus reclamos por la reforma impositiva a la reuni\u00f3n que tendr\u00e1n el pr\u00f3ximo jueves con el presidente Mauricio Macri. En tanto, contin\u00faan las negociaciones con el Ministerio de Hacienda, que hasta ayer se mostraba inflexible con el impuesto al vino y la eliminaci\u00f3n de los grav\u00e1menes para los electr\u00f3nicos. Ayer, tanto el ministro Nicol\u00e1s Dujovne como el jefe de Gabinete, Marcos Pe\u00f1a, defendieron la propuesta sin fisuras. \u201cLa respuesta ha sido muy positiva. Hay una discusi\u00f3n se acota a una partecita, que son un par de impuestos espec\u00edficos que afectan algunos sectores productivos, que pueden ser el vino y los electr\u00f3nicos\u201d, minimiz\u00f3 el jefe de Gabinete.<\/p>\n<p>La posibilidad de gravar al vino con un 10 por ciento y de quitarle los impuestos a los componentes electr\u00f3nicos que se importan puso en estado de agitaci\u00f3n a los gobernadores peronistas y de Cambiemos. Por los productos electr\u00f3nicos, la gobernadora de Tierra del Fuego, Rosana Bertone, sostuvo que \u201cen los hechos la aprobaci\u00f3n de este proyecto significar\u00eda la disoluci\u00f3n territorial de nuestra provincia, luego de una pol\u00edtica de Estado que se ha mantenido desde 1972, y que de la noche a la ma\u00f1ana intentan destruir\u201d.<\/p>\n<p>Por su parte, el senador Jos\u00e9 \u201cNato\u201d Ojeda advirti\u00f3 que \u201cla baja de impuestos a electr\u00f3nicos es un disparo al coraz\u00f3n de Tierra del Fuego\u201d. \u201cMarcos Pe\u00f1a dijo que ciertas medidas se iban a hablar, que est\u00e1bamos invitados. Hac\u00eda dos d\u00edas se hab\u00edan juntado los gobernadores y esto no se habl\u00f3. Al otro d\u00eda salieron los anuncios del ministro de Hacienda. El 50 por ciento de la econom\u00eda en mi regi\u00f3n dependen de productos electr\u00f3nicos. Emplea a 12 mil personas. As\u00ed, la producci\u00f3n en Tierra del Fuego deja de tener sentido y se deja a m\u00e1s 9 mil personas en la calle\u201d, advirti\u00f3 el senador peronista en di\u00e1logo con FM Futurock. El senador advirti\u00f3 que, si se revisa el proyecto del Presupuesto 2018 \u201cuno de los rubros que m\u00e1s creci\u00f3 de los aportes de Naci\u00f3n a Tierra del Fuego es el seguro de desempleo. Pasamos de 16 millones de 2017 a presupuestar 70 millones. El 300 por ciento. O sea, est\u00e1n previendo que va a haber el despidos el a\u00f1o que viene. Nos vamos a plantar ante esto\u201d.<\/p>\n<p>Igual estado de agitaci\u00f3n se cre\u00f3 por el impuesto al vino en las provincias con gobiernos peronistas como Salta, con Juan Manuel Urtubey, Tucum\u00e1n, con Juan Manzur (que tambi\u00e9n cuestiona los impuestos a las bebidas con az\u00facar), y San Juan, con Sergio U\u00f1ac. Pero tambi\u00e9n se sum\u00f3 el radical (e integrante de Cambiemos) Alfredo Cornejo, quien termin\u00f3 por reconocer que no fue puesto sobreaviso del tembladeral pol\u00edtico que le ten\u00edan reservado.<\/p>\n<p>\u201cHabl\u00e9 con Dujovne y le dije que el impuesto era muy alto. Entonces me dijo que lo estaban analizando y al otro d\u00eda lo anunci\u00f3\u201d, cuestion\u00f3 Cornejo, que viene siendo limado por la oposici\u00f3n local.<\/p>\n<p>Cornejo sostuvo que \u201capelaran a la capacidad de di\u00e1logo del Presidente Mauricio Macri, para lograr revertir \u00e9sta situaci\u00f3n o llegar a un punto intermedio\u201d.\u201cEsto me pone en un grado de incomodidad enorme\u201d, reconoci\u00f3 el gobernador de Mendoza. En tanto, el senador Julio Cobos compar\u00f3 esta decisi\u00f3n del Gobierno con la crisis por la resoluci\u00f3n 125: \u201cEl efecto puede parecerse en cuanto a la p\u00e9rdida de competitividad\u201d, indic\u00f3.<\/p>\n<p>Dujovne respondi\u00f3 que la producci\u00f3n de vino \u201ctiene al\u00edcuota del 0 por ciento en impuestos internos, mientras que otros productos no alcoh\u00f3licos ten\u00edan impuestos bastante m\u00e1s altos\u201d y que Tierra del Fuego tiene exenciones \u201cque abarcan el impuesto a las Ganancias y al valor agregado\u201d. \u201cHabr\u00e1 algunos que tendr\u00e1n que ceder un poco\u201d, indic\u00f3 Dujovne.<\/p>\n<h6>Fuente: P\u00e1gina 12<\/h6>\n","protected":false},"excerpt":{"rendered":"<p>\u201cLa respuesta ha sido muy positiva\u201d, asegur\u00f3 el jefe de Gabinete. Pero los gobernadores de Mendoza, San Juan, Tierra del Fuego, Salta y Tucum\u00e1n preparan los reclamos que llevar\u00e1n a la reuni\u00f3n que mantendr\u00e1n con Macri.<\/p>\n","protected":false},"author":2,"featured_media":69405,"comment_status":"closed","ping_status":"closed","sticky":false,"template":"","format":"standard","meta":{"footnotes":""},"categories":[8],"tags":[21],"class_list":["post-69404","post","type-post","status-publish","format-standard","has-post-thumbnail","hentry","category-informe-nacional","tag-argentina"],"_links":{"self":[{"href":"http:\/\/argentinamunicipal.com.ar\/argentina\/wp-json\/wp\/v2\/posts\/69404","targetHints":{"allow":["GET"]}}],"collection":[{"href":"http:\/\/argentinamunicipal.com.ar\/argentina\/wp-json\/wp\/v2\/posts"}],"about":[{"href":"http:\/\/argentinamunicipal.com.ar\/argentina\/wp-json\/wp\/v2\/types\/post"}],"author":[{"embeddable":true,"href":"http:\/\/argentinamunicipal.com.ar\/argentina\/wp-json\/wp\/v2\/users\/2"}],"replies":[{"embeddable":true,"href":"http:\/\/argentinamunicipal.com.ar\/argentina\/wp-json\/wp\/v2\/comments?post=69404"}],"version-history":[{"count":0,"href":"http:\/\/argentinamunicipal.com.ar\/argentina\/wp-json\/wp\/v2\/posts\/69404\/revisions"}],"wp:featuredmedia":[{"embeddable":true,"href":"http:\/\/argentinamunicipal.com.ar\/argentina\/wp-json\/wp\/v2\/media\/69405"}],"wp:attachment":[{"href":"http:\/\/argentinamunicipal.com.ar\/argentina\/wp-json\/wp\/v2\/media?parent=69404"}],"wp:term":[{"taxonomy":"category","embeddable":true,"href":"http:\/\/argentinamunicipal.com.ar\/argentina\/wp-json\/wp\/v2\/categories?post=69404"},{"taxonomy":"post_tag","embeddable":true,"href":"http:\/\/argentinamunicipal.com.ar\/argentina\/wp-json\/wp\/v2\/tags?post=69404"}],"curies":[{"name":"wp","href":"https:\/\/api.w.org\/{rel}","templated":true}]}}