{"id":69417,"date":"2017-11-03T07:31:18","date_gmt":"2017-11-03T10:31:18","guid":{"rendered":"http:\/\/argentinamunicipal.com.ar\/argentina\/?p=69417"},"modified":"2017-11-03T07:31:18","modified_gmt":"2017-11-03T10:31:18","slug":"las-concesiones-desataron-una-jornada-furia-concejo-rosarino","status":"publish","type":"post","link":"http:\/\/argentinamunicipal.com.ar\/argentina\/las-concesiones-desataron-una-jornada-furia-concejo-rosarino\/","title":{"rendered":"Las concesiones desataron una jornada de furia en el Concejo rosarino"},"content":{"rendered":"<p>Ediles oficialistas y opositores se cruzaron con duros t\u00e9rminos a ra\u00edz de la detecci\u00f3n de bares enganchados a la luz en la rambla Catalunya<\/p>\n<p>La caducidad de la concesi\u00f3n de los bares de La Florida que fueron detectados enganchados a la luz gener\u00f3 un sinn\u00famero de peleas, enfrentamientos e insultos en la sesi\u00f3n de ayer del Concejo Municipal. Justo en el mismo d\u00eda en el que los ediles rindieron homenaje a los rosarinos que fueron v\u00edctimas del atentado en Nueva York.<\/p>\n<p>La tarde de furia tuvo su g\u00e9nesis en la reuni\u00f3n de la comisi\u00f3n de Labor Parlamentaria, donde el presidente del bloque oficialista, Horacio Ghirardi, pidi\u00f3 al resto de los ediles que el cuerpo legislativo mostrara su benepl\u00e1cito con la decisi\u00f3n de la intendenta M\u00f3nica Fein de revocarle la concesi\u00f3n de los bares al empresario Mario Cornaglia.<\/p>\n<p>Horas despu\u00e9s, y ya en el recinto de sesiones, la concejala socialista Ver\u00f3nica Irizar pronunci\u00f3 un encendido discurso en el que dej\u00f3 sentada la clara posici\u00f3n oficial contra todo tipo de irregularidades en materia de concesiones.<\/p>\n<p>Fue en ese momento cuando los concejales Norma L\u00f3pez (Frente para la Victoria) y Jorge Boasso (radicalismo) le salieron al cruce con algunas objeciones.<\/p>\n<p>\u00abEst\u00e1 muy bien la iniciativa, la apoyamos y la aplaudimos\u00bb, cuentan los presentes que dijeron ambos, palabras m\u00e1s, palabras menos. Pero enseguida arremetieron contra el oficialismo y recordaron algunas cuestiones pendientes en materia de concesiones.<\/p>\n<p><strong>Un repaso por la historia<\/strong><\/p>\n<p>\u00abHace desde el 2013 que venimos denunciando que el canon era muy bajo\u00bb y que \u00abni siquiera lo pagaba\u00bb, recordaron los concejales, que le enrostraron al oficialismo los m\u00faltiples incumplimientos del concesionario, que hab\u00edan quedado sentado incluso con dict\u00e1menes muy lapidarios por parte del Tribunal Municipal de Cuentas.<\/p>\n<p>\u00abUstedes nos est\u00e1n tratando de corruptos\u00bb, salt\u00f3 en defensa del oficialismo la concejala Irizar, quien le record\u00f3 a Boasso su doble funci\u00f3n de ejecutor fiscal de la Afip mientras se desempe\u00f1a como concejal.<\/p>\n<p>Una de las principales espadas pol\u00edticas con la que cuenta la intendenta en el Concejo record\u00f3 que \u00abla comisi\u00f3n investigadora de concesiones no encontr\u00f3 ning\u00fan hecho re\u00f1ido a la corrupci\u00f3n en ninguno de los concesionarios\u00bb y le record\u00f3 a Boasso que como ejecutor fiscal de la Afip \u00absin duda conoc\u00eda si alguno no cumpl\u00eda con sus obligaciones tributarias\u00bb.<\/p>\n<p>Ante esto, Boasso le pidi\u00f3 que no dijera \u00abimbecilidades\u00bb, en uno de los momentos m\u00e1s tensos de la tarde.<\/p>\n<p>Irizar tambi\u00e9n le ech\u00f3 en cara su vinculo kirchnerista a Norma L\u00f3pez, a quien le dispar\u00f3: \u00abNos ven\u00eds a acusar vos que defendes a (el ex ministro de Planificaci\u00f3n Federal Julio) De Vido. No tienen autoridad moral para hablar de corrupci\u00f3n\u00bb, le espet\u00f3<\/p>\n<p>Siguiendo con esa misma l\u00ednea, Ghirardi, tambi\u00e9n del Frente Progresista, trat\u00f3 de \u00abhip\u00f3crita\u00bb a Boasso.<\/p>\n<p>En medio de un clima cada vez m\u00e1s caldeado, L\u00f3pez subray\u00f3 que se trata de una concesi\u00f3n que siempre estuvo en el ojo de la tormenta y que, sin embargo, \u00abahora quieren que avalemos la decisi\u00f3n de rescindir algo que tendr\u00eda que haber caducado hace a\u00f1os\u00bb.<\/p>\n<p>M\u00e1s all\u00e1 de los fuertes cruces y algunos pedidos de disculpas, unas horas antes el municipio ya se hab\u00eda hecho cargo de los bares de la rambla Catalunya.<\/p>\n<p><strong>Fuentes laborales<\/strong><\/p>\n<p>El Concejo, a iniciativa del edil justicialista Eduardo Toniolli y de su par, Mar\u00eda Fernanda Gigliani, inst\u00f3 ayer al municipio a preservar las fuentes laborales de los empleados que trabajan en los bares que administraba el empresario Mario Cornaglia, a quien le quitaron las concesiones tras detectar que estaba colgado de la luz.<\/p>\n<h6>Fuetne: La Capital Rosario<\/h6>\n","protected":false},"excerpt":{"rendered":"<p>Ediles oficialistas y opositores se cruzaron con duros t\u00e9rminos a ra\u00edz de la detecci\u00f3n de bares enganchados a la luz en la rambla Catalunya<\/p>\n","protected":false},"author":2,"featured_media":69418,"comment_status":"closed","ping_status":"closed","sticky":false,"template":"","format":"standard","meta":{"footnotes":""},"categories":[4],"tags":[10],"class_list":["post-69417","post","type-post","status-publish","format-standard","has-post-thumbnail","hentry","category-informe-politico","tag-santa-fe"],"_links":{"self":[{"href":"http:\/\/argentinamunicipal.com.ar\/argentina\/wp-json\/wp\/v2\/posts\/69417","targetHints":{"allow":["GET"]}}],"collection":[{"href":"http:\/\/argentinamunicipal.com.ar\/argentina\/wp-json\/wp\/v2\/posts"}],"about":[{"href":"http:\/\/argentinamunicipal.com.ar\/argentina\/wp-json\/wp\/v2\/types\/post"}],"author":[{"embeddable":true,"href":"http:\/\/argentinamunicipal.com.ar\/argentina\/wp-json\/wp\/v2\/users\/2"}],"replies":[{"embeddable":true,"href":"http:\/\/argentinamunicipal.com.ar\/argentina\/wp-json\/wp\/v2\/comments?post=69417"}],"version-history":[{"count":0,"href":"http:\/\/argentinamunicipal.com.ar\/argentina\/wp-json\/wp\/v2\/posts\/69417\/revisions"}],"wp:featuredmedia":[{"embeddable":true,"href":"http:\/\/argentinamunicipal.com.ar\/argentina\/wp-json\/wp\/v2\/media\/69418"}],"wp:attachment":[{"href":"http:\/\/argentinamunicipal.com.ar\/argentina\/wp-json\/wp\/v2\/media?parent=69417"}],"wp:term":[{"taxonomy":"category","embeddable":true,"href":"http:\/\/argentinamunicipal.com.ar\/argentina\/wp-json\/wp\/v2\/categories?post=69417"},{"taxonomy":"post_tag","embeddable":true,"href":"http:\/\/argentinamunicipal.com.ar\/argentina\/wp-json\/wp\/v2\/tags?post=69417"}],"curies":[{"name":"wp","href":"https:\/\/api.w.org\/{rel}","templated":true}]}}