{"id":69423,"date":"2017-11-03T06:36:33","date_gmt":"2017-11-03T09:36:33","guid":{"rendered":"http:\/\/argentinamunicipal.com.ar\/argentina\/?p=69423"},"modified":"2017-11-03T07:49:57","modified_gmt":"2017-11-03T10:49:57","slug":"municipio-rosario-tomo-posesion-los-bares-la-rambla-catalunya","status":"publish","type":"post","link":"http:\/\/argentinamunicipal.com.ar\/argentina\/municipio-rosario-tomo-posesion-los-bares-la-rambla-catalunya\/","title":{"rendered":"El municipio\u00a0de Rosario tom\u00f3 posesi\u00f3n de los bares de la Rambla Catalunya"},"content":{"rendered":"<p>Se har\u00e1 cargo de la administraci\u00f3n luego de que se les quit\u00f3 la concesi\u00f3n tras detectarse que estaban enganchados a la luz<\/p>\n<p>D\u00edas despu\u00e9s de que una pericia los vinculara al robo de electricidad, la Municipalidad tom\u00f3 ayer posesi\u00f3n de tres de los cinco bares de la rambla Catalunya. Funcionarios de la Secretar\u00eda de Gobierno pusieron en marcha un inventario de los edificios, muebles y bienes de los locales donde funcionan Mordisco, Se\u00f1or Arenero y Caracolas, que formaban parte de la concesi\u00f3n adjudicada hace siete a\u00f1os al empresario Mario Cornaglia. Desde la empresa Costanera Rosario, que se har\u00e1 cargo del nuevo gerenciamiento, aseguraron que se mantendr\u00e1n los puestos de trabajo.Mientras tanto, el tema dispar\u00f3 una ardua sesi\u00f3n en el Concejo Municipal, donde los \u00e1nimos estuvieron muy caldeados luego de que el oficialismo pidiera un reconocimiento del cuerpo legislativo a la decisi\u00f3n de la intendenta de caducar las concesiones en manos de Cornaglia (ver p\u00e1gina 8).<\/p>\n<p>La toma de posesi\u00f3n de los bares por parte del municipio fue el final esperado de una pel\u00edcula que se inici\u00f3 cuando la Empresa Provincial de la Energ\u00eda (EPE) hizo p\u00fablico el hallazgo de una conexi\u00f3n ilegal al tendido del alumbrado p\u00fablico. Temprano, en medio de la copiosa lluvia de ayer, varios m\u00f3viles de la Guardia Urbana Municipal y la polic\u00eda se apostaron en el paseo p\u00fablico de la costanera. Los esperaban los representantes legales de las firmas Sol Eventos y Catering SRL y Naturaleza Urbana SRL, a quienes se notific\u00f3 del decreto que ordenaba revocar la concesi\u00f3n para la explotaci\u00f3n de bares en el complejo de playas.<\/p>\n<p>Ante la sorpresa de los empleados y de alg\u00fan que otro proveedor, ya que la rambla estaba completamente vac\u00eda, los abogados del municipio recorrieron durante toda la jornada las instalaciones de Mordisco, Se\u00f1or Arenero y Caracolas, para realizar un inventario. La tarea continuar\u00e1 con los paradores Primavera y Natural Mystic.<\/p>\n<p>El decreto que revoca la concesi\u00f3n de los bares apunta que la EPE detect\u00f3 irregularidades en el consumo de energ\u00eda en la zona donde funcionan los bares costeros y que la Direcci\u00f3n de Alumbrado del municipio realiz\u00f3 una inspecci\u00f3n de seguimiento de los cables hallando que proveen luz al sector concesionado, constatando las irregularidades.<\/p>\n<p>Fue en septiembre, cuando la EPE detect\u00f3 una conexi\u00f3n ilegal en un tablero de avenida Colombres y la bajada Puccio, a la altura del club Remeros. Los t\u00e9cnicos del municipio determinaron despu\u00e9s que la electricidad que bajaba del gabinete del alumbrado p\u00fablico llegaba directamente hasta el bar Natural Mystic. En ese local, adem\u00e1s, hallaron un tablero dentro del bar con una llave de paso para habilitar la posibilidad de tomar energ\u00eda, tanto de los generadores que exist\u00edan en cada uno de los locales como de la red de alumbrado p\u00fablico.<\/p>\n<p>El titular de los emprendimientos gastron\u00f3micos, Mario Cornaglia, cuestion\u00f3 las inspecciones. \u00abVoy a demostrar que no me enganch\u00e9 de la luz\u00bb, sostuvo el mi\u00e9rcoles pasado en el programa \u00abProcopio 830\u00bb, que se emite por La Ocho.<\/p>\n<p><strong>Cambio de manos<\/strong><\/p>\n<p>El secretario de Gobierno del municipio, Gustavo Leone, confirm\u00f3 que se puso en marcha la toma de posesi\u00f3n. Mientras tanto, la Administraci\u00f3n Federal de Ingresos P\u00fablicos (Afip) instalaba los nuevos controladores fiscales que permitir\u00e1n el funcionamiento de los bares \u00abposiblemente desde este fin de semana\u00bb. En tanto, en el Ministerio de Trabajo de la provincia se inici\u00f3 el proceso de registro de empleados, contratados a tr\u00e1nsito hasta que se liciten nuevamente estos locales y se adjudiquen a un nuevo concesionario. Los cinco espacios suman un plantel de unos 70 trabajadores.<\/p>\n<p>En la transici\u00f3n, explic\u00f3, los espacios ser\u00e1n gerenciados por la empresa municipal Costanera Rosario, administradora de La Florida.<\/p>\n<h6>Fuente: La capital Rosario<\/h6>\n","protected":false},"excerpt":{"rendered":"<p>Se har\u00e1 cargo de la administraci\u00f3n luego de que se les quit\u00f3 la concesi\u00f3n tras detectarse que estaban enganchados a la luz<\/p>\n","protected":false},"author":2,"featured_media":69424,"comment_status":"closed","ping_status":"closed","sticky":false,"template":"","format":"standard","meta":{"footnotes":""},"categories":[2],"tags":[10],"class_list":["post-69423","post","type-post","status-publish","format-standard","has-post-thumbnail","hentry","category-informe-municipal","tag-santa-fe"],"_links":{"self":[{"href":"http:\/\/argentinamunicipal.com.ar\/argentina\/wp-json\/wp\/v2\/posts\/69423","targetHints":{"allow":["GET"]}}],"collection":[{"href":"http:\/\/argentinamunicipal.com.ar\/argentina\/wp-json\/wp\/v2\/posts"}],"about":[{"href":"http:\/\/argentinamunicipal.com.ar\/argentina\/wp-json\/wp\/v2\/types\/post"}],"author":[{"embeddable":true,"href":"http:\/\/argentinamunicipal.com.ar\/argentina\/wp-json\/wp\/v2\/users\/2"}],"replies":[{"embeddable":true,"href":"http:\/\/argentinamunicipal.com.ar\/argentina\/wp-json\/wp\/v2\/comments?post=69423"}],"version-history":[{"count":0,"href":"http:\/\/argentinamunicipal.com.ar\/argentina\/wp-json\/wp\/v2\/posts\/69423\/revisions"}],"wp:featuredmedia":[{"embeddable":true,"href":"http:\/\/argentinamunicipal.com.ar\/argentina\/wp-json\/wp\/v2\/media\/69424"}],"wp:attachment":[{"href":"http:\/\/argentinamunicipal.com.ar\/argentina\/wp-json\/wp\/v2\/media?parent=69423"}],"wp:term":[{"taxonomy":"category","embeddable":true,"href":"http:\/\/argentinamunicipal.com.ar\/argentina\/wp-json\/wp\/v2\/categories?post=69423"},{"taxonomy":"post_tag","embeddable":true,"href":"http:\/\/argentinamunicipal.com.ar\/argentina\/wp-json\/wp\/v2\/tags?post=69423"}],"curies":[{"name":"wp","href":"https:\/\/api.w.org\/{rel}","templated":true}]}}