{"id":69800,"date":"2017-11-13T07:16:56","date_gmt":"2017-11-13T10:16:56","guid":{"rendered":"http:\/\/argentinamunicipal.com.ar\/argentina\/?p=69800"},"modified":"2017-11-13T07:16:56","modified_gmt":"2017-11-13T10:16:56","slug":"los-gobernadores-estan-furiosos-macri-los-40-mil-millones-le-dara-vidal","status":"publish","type":"post","link":"http:\/\/argentinamunicipal.com.ar\/argentina\/los-gobernadores-estan-furiosos-macri-los-40-mil-millones-le-dara-vidal\/","title":{"rendered":"Los gobernadores est\u00e1n furiosos con Macri por los $40 mil millones que le dar\u00e1 a Vidal"},"content":{"rendered":"<p>La mandataria favorita de la Casa Rosada obtendr\u00e1 el doble de lo que se hab\u00eda afirmado d\u00edas atr\u00e1s en t\u00e9rminos de coparticipaci\u00f3n y de intereses de la deuda que ten\u00eda el estado nacional.<\/p>\n<p>La reuni\u00f3n en\u00a0Casa Rosada\u00a0entre el Ejecutivo nacional y los gobernadores provinciales habia finalizado con abrazos, apretones de manos y promesas diversas de parte del\u00a0presidente Macri.\u00a0El l\u00edder de Cambiemos quiere mantener una buena relaci\u00f3n con los mandatarios del interior, pero a la hora de elegir el territorio en el que apuesta sus batallas electorales, no lo duda: Macri quiere que la\u00a0provincia de Buenos Aires\u00a0siga siendo amarilla cuando en 2019 se cuenten los votos de las\u00a0elecciones presidenciales.<\/p>\n<p>Quiz\u00e1 por eso el jefe del Estado resolvi\u00f3 este viernes duplicar a la provincia de Buenos Aires la cifra que manejar\u00e1 durante 2018:\u00a0Mar\u00eda Eugenia Vidal\u00a0recibir\u00e1 un total de\u00a040 mil millones de pesos.\u00a0Adem\u00e1s, en 2019 la cifra (por ahora) quedar\u00eda en\u00a065 mil millones.<\/p>\n<p>La cifra es monstruosa si se tiene en cuenta que esos m\u00e1s de cien mil millones de pesos ser\u00e1n los que use la gobernadora provincial con miras a la elecci\u00f3n que en 2019 podr\u00eda tenerla como una de las protagonistas centrales.<\/p>\n<p>Desde la Casa Rosada, en tanto, aseguraron a La Naci\u00f3n que \u00abesto est\u00e1 atado al acuerdo fiscal que el Gobierno quiere firmar el jueves pr\u00f3ximo con todos los gobernadores\u00bb.<\/p>\n<p>Precisamente los gobernadores son los que est\u00e1n furiosos con la decisi\u00f3n, pese a que desde\u00a0Cambiemos\u00a0dijeron que hubo llamados de tel\u00e9fono entre Macri y los l\u00edderes provinciales.<\/p>\n<p>Los 20 mil millones de pesos extras que recibir\u00e1 Vidal durante 2018 son resultado de que el Gobierno eliminar los topes que las provincias ten\u00edan para recibir fondos. En ese marco, la Provincia se queda con una tajada m\u00e1s grande por el coeficiente de coparticipaci\u00f3n de ganancias.<\/p>\n<p>Lo que sucedi\u00f3 no es menor luego de la reuni\u00f3n que los gobernadores tuvieron con Macri y la primera plana de su gabinete. Restan todav\u00eda reuniones entre ambas partes y esta noticia impacta en lo que ten\u00edan resuelto dialogar cuando se vuelvan a encontrar esta semana.<\/p>\n<p>Hay mandatarios muy enojados. Los gobiernos de\u00a0Tucum\u00e1n y Salta\u00a0est\u00e1n entre los m\u00e1s perjudicados y precisamente de esas provincias salieron algunos dichos furibundos contra el pacto Macri-Vidal.<\/p>\n<p>\u00abEn ning\u00fan momento se habl\u00f3 de las cifras y enterarnos de esta manera no es correcto. Gan\u00f3 otra vez Vidal\u00bb, dispararon a\u00a0Infonews\u00a0desde alguna oficina oficial de la provincia azucarera. En tanto, las tierras comandadas por Urtubey, que quiere una relaci\u00f3n m\u00e1s afectuosa con Balcarce 50 pero le est\u00e1 costando mucho, criticaron los beneficios extras para Vidal, a quien apuntaron como \u00abuna persona muy h\u00e1bil para pelear su poder regional pero que no mira m\u00e1s all\u00e1 de sus fronteras\u00bb.<\/p>\n<h6>Fuente: Infonews<\/h6>\n","protected":false},"excerpt":{"rendered":"<p>La mandataria favorita de la Casa Rosada obtendr\u00e1 el doble de lo que se hab\u00eda afirmado d\u00edas atr\u00e1s en t\u00e9rminos de coparticipaci\u00f3n y de intereses de la deuda que ten\u00eda el estado nacional. <\/p>\n","protected":false},"author":2,"featured_media":69801,"comment_status":"closed","ping_status":"closed","sticky":false,"template":"","format":"standard","meta":{"footnotes":""},"categories":[8],"tags":[21],"class_list":["post-69800","post","type-post","status-publish","format-standard","has-post-thumbnail","hentry","category-informe-nacional","tag-argentina"],"_links":{"self":[{"href":"http:\/\/argentinamunicipal.com.ar\/argentina\/wp-json\/wp\/v2\/posts\/69800","targetHints":{"allow":["GET"]}}],"collection":[{"href":"http:\/\/argentinamunicipal.com.ar\/argentina\/wp-json\/wp\/v2\/posts"}],"about":[{"href":"http:\/\/argentinamunicipal.com.ar\/argentina\/wp-json\/wp\/v2\/types\/post"}],"author":[{"embeddable":true,"href":"http:\/\/argentinamunicipal.com.ar\/argentina\/wp-json\/wp\/v2\/users\/2"}],"replies":[{"embeddable":true,"href":"http:\/\/argentinamunicipal.com.ar\/argentina\/wp-json\/wp\/v2\/comments?post=69800"}],"version-history":[{"count":0,"href":"http:\/\/argentinamunicipal.com.ar\/argentina\/wp-json\/wp\/v2\/posts\/69800\/revisions"}],"wp:featuredmedia":[{"embeddable":true,"href":"http:\/\/argentinamunicipal.com.ar\/argentina\/wp-json\/wp\/v2\/media\/69801"}],"wp:attachment":[{"href":"http:\/\/argentinamunicipal.com.ar\/argentina\/wp-json\/wp\/v2\/media?parent=69800"}],"wp:term":[{"taxonomy":"category","embeddable":true,"href":"http:\/\/argentinamunicipal.com.ar\/argentina\/wp-json\/wp\/v2\/categories?post=69800"},{"taxonomy":"post_tag","embeddable":true,"href":"http:\/\/argentinamunicipal.com.ar\/argentina\/wp-json\/wp\/v2\/tags?post=69800"}],"curies":[{"name":"wp","href":"https:\/\/api.w.org\/{rel}","templated":true}]}}