{"id":69821,"date":"2017-11-13T07:52:43","date_gmt":"2017-11-13T10:52:43","guid":{"rendered":"http:\/\/argentinamunicipal.com.ar\/argentina\/?p=69821"},"modified":"2017-11-13T07:52:43","modified_gmt":"2017-11-13T10:52:43","slug":"concejo-dio-paso-regular-las-ferias-populares-dentro-rosario","status":"publish","type":"post","link":"http:\/\/argentinamunicipal.com.ar\/argentina\/concejo-dio-paso-regular-las-ferias-populares-dentro-rosario\/","title":{"rendered":"El Concejo dio otro paso para regular las ferias populares dentro de\u00a0Rosario"},"content":{"rendered":"<p>Aval\u00f3 un proyecto presentado por el PJ para agrupar al conjunto de feriantes barriales, comerciantes minoristas y productores<\/p>\n<p>El Concejo dio el primer paso para regular las ferias populares de Rosario. La comisi\u00f3n de Presupuesto aval\u00f3 un proyecto presentado por el partido justicialista que crea la figura de la \u00abFeria Popular\u00bb para agrupar al conjunto de feriantes barriales, comerciantes minoristas y productores que se desempe\u00f1an dentro de un mismo predio y venden mercader\u00eda diversa.La iniciativa apunta a establecer criterios b\u00e1sicos de funcionamiento de unas 20 ferias de las que dependen unas 5.000 familias en torno a horarios, lugares, productos a vender, limpieza y seguridad. Esta semana el tema ser\u00e1 debatido en Presupuesto y podr\u00eda ser aprobado en el recinto antes que termine el a\u00f1o.<\/p>\n<p>En di\u00e1logo con LaCapital, el impulsor de la norma, el concejal Eduardo Toniolli aclar\u00f3 que la propuesta \u00abbusca darle un encuadre legal a un fen\u00f3meno que existe, que se ha extendido notablemente en los \u00faltimos meses por la crisis econ\u00f3mica y del mercado laboral y el Estado no puede mirar para otro lado\u00bb.<\/p>\n<p>Al respecto el referente del kirchnerismo estim\u00f3 que hay en la actualidad \u00abunas 5.000 familias que reciben sustento de la actividad de las ferias, que ya son entre 15 y 20 en toda la ciudad\u00bb.<\/p>\n<p>Toniolli fue un poco m\u00e1s all\u00e1 y record\u00f3 que \u00abmuchas de esas ferias nacieron con la crisis del a\u00f1o 2001, fueron espacios de trueque, se consolidaron en sus barrios y muchas han crecido en el \u00faltimo tiempo\u00bb.<\/p>\n<p>El edil del PJ reconoci\u00f3 que \u00abhay sectores que son partidarios de no regularizar a estos actores sociales que se dedican a esta actividad para tener un ingreso digno para sus familias, pero eso es inviable desde lo operativo y desde lo pol\u00edtico\u00bb.<\/p>\n<p><strong>No al formato Salada<\/strong><\/p>\n<p>Para Toniolli \u00abno se trata de una competencia desleal contra locales formales y no se puede asociar a las ferias que hay en la ciudad con el fen\u00f3meno de La Salada\u00bb.<\/p>\n<p>En ese sentido marc\u00f3 fuertes diferencias. \u00abLa Salada es un espacio cerrado, centralizado a trav\u00e9s de un \u00fanico due\u00f1o, con mercader\u00eda a veces sofisticada y con ganancias importantes\u00bb, enumer\u00f3.<\/p>\n<p>\u00abEn el caso de las ferias populares de Rosario \u2014continu\u00f3\u2014 se tratan de espacios atomizados, en espacios p\u00fablicos abiertos, sin un patr\u00f3n o due\u00f1o y con mercader\u00eda que se vende con esp\u00edritu de supervivencia\u00bb.<\/p>\n<p>El texto que avanz\u00f3 la semana pasada en la comisi\u00f3n de Producci\u00f3n \u00abbusca regularizar el funcionamiento de las ferias populares, a trav\u00e9s de un marco regulatorio y la firma de convenios entre el Ejecutivo y cada feria en particular\u00bb.<\/p>\n<p>Seg\u00fan Toniolli, uno de los objetivos es poder precisar \u00abqu\u00e9 tipo de rubros se pueden establecer en las ferias populares, fijar esquemas de trazabilidad de la mercader\u00eda, horarios, d\u00edas, criterio para la limpieza, estacionamiento, lugares y marcos de seguridad\u00bb.<\/p>\n<p>En paralelo se contempla que los feriantes de manera individual abonen al municipio un canon por la utilizaci\u00f3n del espacio p\u00fablico con valores similares a los que pagan en la actualidad quienes se dedican a la venta ambulante.<\/p>\n<p>En la reglamentaci\u00f3n, el Ejecutivo deber\u00e1 avanzar con estas precisiones y adem\u00e1s confeccionar un Registro de Feriantes y Ferias Populares para hacer un seguimiento peri\u00f3dico de las actividades.<\/p>\n<p>A criterio de Toniolli, \u00ablas ferias existen, a veces de manera conflictiva con los vecinos y el entorno y el Estado no puede hacerse el distra\u00eddo. Tampoco se los puede desacreditar por algunos casos puntuales de venta ilegal como se ha denunciado de autopartes o animales, ya que son una clara minor\u00eda\u00bb.<\/p>\n<p>El proyecto ser\u00e1 debatido la semana entrante en la Comisi\u00f3n de Presupuesto, donde el Frente Progresista tiene mayor\u00eda y su posici\u00f3n pol\u00edtica ser\u00e1 clave para que la iniciativa llegue luego al recinto.<\/p>\n<h6>Fuente: La Capital<\/h6>\n","protected":false},"excerpt":{"rendered":"<p>Aval\u00f3 un proyecto presentado por el PJ para agrupar al conjunto de feriantes barriales, comerciantes minoristas y productores<\/p>\n","protected":false},"author":2,"featured_media":69822,"comment_status":"closed","ping_status":"closed","sticky":false,"template":"","format":"standard","meta":{"footnotes":""},"categories":[2],"tags":[10],"class_list":["post-69821","post","type-post","status-publish","format-standard","has-post-thumbnail","hentry","category-informe-municipal","tag-santa-fe"],"_links":{"self":[{"href":"http:\/\/argentinamunicipal.com.ar\/argentina\/wp-json\/wp\/v2\/posts\/69821","targetHints":{"allow":["GET"]}}],"collection":[{"href":"http:\/\/argentinamunicipal.com.ar\/argentina\/wp-json\/wp\/v2\/posts"}],"about":[{"href":"http:\/\/argentinamunicipal.com.ar\/argentina\/wp-json\/wp\/v2\/types\/post"}],"author":[{"embeddable":true,"href":"http:\/\/argentinamunicipal.com.ar\/argentina\/wp-json\/wp\/v2\/users\/2"}],"replies":[{"embeddable":true,"href":"http:\/\/argentinamunicipal.com.ar\/argentina\/wp-json\/wp\/v2\/comments?post=69821"}],"version-history":[{"count":0,"href":"http:\/\/argentinamunicipal.com.ar\/argentina\/wp-json\/wp\/v2\/posts\/69821\/revisions"}],"wp:featuredmedia":[{"embeddable":true,"href":"http:\/\/argentinamunicipal.com.ar\/argentina\/wp-json\/wp\/v2\/media\/69822"}],"wp:attachment":[{"href":"http:\/\/argentinamunicipal.com.ar\/argentina\/wp-json\/wp\/v2\/media?parent=69821"}],"wp:term":[{"taxonomy":"category","embeddable":true,"href":"http:\/\/argentinamunicipal.com.ar\/argentina\/wp-json\/wp\/v2\/categories?post=69821"},{"taxonomy":"post_tag","embeddable":true,"href":"http:\/\/argentinamunicipal.com.ar\/argentina\/wp-json\/wp\/v2\/tags?post=69821"}],"curies":[{"name":"wp","href":"https:\/\/api.w.org\/{rel}","templated":true}]}}