{"id":69824,"date":"2017-11-13T07:55:04","date_gmt":"2017-11-13T10:55:04","guid":{"rendered":"http:\/\/argentinamunicipal.com.ar\/argentina\/?p=69824"},"modified":"2017-11-13T07:55:04","modified_gmt":"2017-11-13T10:55:04","slug":"la-intendenta-rosario-expuso-panel-la-onu-cambio-climatico","status":"publish","type":"post","link":"http:\/\/argentinamunicipal.com.ar\/argentina\/la-intendenta-rosario-expuso-panel-la-onu-cambio-climatico\/","title":{"rendered":"La Intendenta de Rosario\u00a0expuso en un panel de la ONU contra el cambio clim\u00e1tico"},"content":{"rendered":"<p>Rosario junto con otras ciudades del pa\u00eds particip\u00f3 de la conferencia anual de la ONU que trata esta problem\u00e1tica.<\/p>\n<p>Rosario expuso por primera vez en la conferencia internacional de la ONU contra el cambio clim\u00e1tico. La intendenta M\u00f3nica Fein dio cuenta en Bonn (Alemania) de las pol\u00edticas p\u00fablicas locales por la sustentabilidad y los avances que presenta la ciudad en la gesti\u00f3n de residuos y transporte urbano.<\/p>\n<p>Rosario junto con otras ciudades del pa\u00eds particip\u00f3 de la conferencia anual de la ONU que trata esta problem\u00e1tica.<\/p>\n<p>\u00abContinuamos con nuestro compromiso contra el cambio clim\u00e1tico. Hemos dado cuenta en el marco de la COP de nuestras pol\u00edticas p\u00fablicas en gesti\u00f3n de residuos, transporte urbano y acciones sociales\u00bb, coment\u00f3 la intendenta Monica Fein, quien adem\u00e1s sostuvo reuniones con directivos del Banco Mundial.<\/p>\n<p>\u00abSomos una ciudad reconocida en Am\u00e9rica Latina por nuestro compromiso y hemos dado pasos importantes a nivel internacional como el acuerdo con la ciudad italiana de G\u00e9nova, que en Europa es referente en materia de sostenibilidad\u00bb, coment\u00f3 Fein durante el encuentro y agreg\u00f3: \u00abHoy el debate esta en los recursos y por eso es importante estos encuentros para acordar financiamiento de acciones que garanticen pol\u00edticas en este sentido\u00bb.<\/p>\n<p>Rosario fue elegida entre numerosas ciudades de Am\u00e9rica Latina para formar parte de un programa financiado por la Uni\u00f3n Europea con 20 millones de euros para cooperar con la ciudad italiana de G\u00e9nova en materia de energ\u00eda y plan local de acci\u00f3n ante el cambio clim\u00e1tico.<\/p>\n<p>En Bonn, la intendenta adem\u00e1s de exponer y debatir en mesas integradas por alcaldes de otras ciudades del mundo sobre movilidad sustentable y residuos, se reuni\u00f3 con autoridades del Banco Mundial para poder acercar propuestas de la ciudad en materia de h\u00e1bitat y soluciones habitacionales integradoras.<\/p>\n<p><strong>Seminario en la Universidad Cat\u00f3lica<\/strong><\/p>\n<p>La intendenta M\u00f3nica Fein inaugurar\u00e1 junto con el arzobispo de Rosario, monse\u00f1or Eduardo Martin, y Francisco Casiello, decano de la Facultad de Qu\u00edmica e Ingenier\u00eda de la Universidad Cat\u00f3lica Argentina (UCA), el seminario internacional \u00abSociedad y cambio clim\u00e1tico. La globalizaci\u00f3n de la Indiferencia\u00bb. Ser\u00e1 ma\u00f1ana a las 9 en la sede de la UCA (Pellegrini 3314). Disertar\u00e1n Jeffrey Sachs, director de la Red Global Espa\u00f1ola para el Desarrollo Sostenible, entre otros.<\/p>\n<h6>Fuente: La capital<\/h6>\n","protected":false},"excerpt":{"rendered":"<p>Rosario junto con otras ciudades del pa\u00eds particip\u00f3 de la conferencia anual de la ONU que trata esta problem\u00e1tica.<\/p>\n","protected":false},"author":2,"featured_media":69825,"comment_status":"closed","ping_status":"closed","sticky":false,"template":"","format":"standard","meta":{"footnotes":""},"categories":[2],"tags":[10],"class_list":["post-69824","post","type-post","status-publish","format-standard","has-post-thumbnail","hentry","category-informe-municipal","tag-santa-fe"],"_links":{"self":[{"href":"http:\/\/argentinamunicipal.com.ar\/argentina\/wp-json\/wp\/v2\/posts\/69824","targetHints":{"allow":["GET"]}}],"collection":[{"href":"http:\/\/argentinamunicipal.com.ar\/argentina\/wp-json\/wp\/v2\/posts"}],"about":[{"href":"http:\/\/argentinamunicipal.com.ar\/argentina\/wp-json\/wp\/v2\/types\/post"}],"author":[{"embeddable":true,"href":"http:\/\/argentinamunicipal.com.ar\/argentina\/wp-json\/wp\/v2\/users\/2"}],"replies":[{"embeddable":true,"href":"http:\/\/argentinamunicipal.com.ar\/argentina\/wp-json\/wp\/v2\/comments?post=69824"}],"version-history":[{"count":0,"href":"http:\/\/argentinamunicipal.com.ar\/argentina\/wp-json\/wp\/v2\/posts\/69824\/revisions"}],"wp:featuredmedia":[{"embeddable":true,"href":"http:\/\/argentinamunicipal.com.ar\/argentina\/wp-json\/wp\/v2\/media\/69825"}],"wp:attachment":[{"href":"http:\/\/argentinamunicipal.com.ar\/argentina\/wp-json\/wp\/v2\/media?parent=69824"}],"wp:term":[{"taxonomy":"category","embeddable":true,"href":"http:\/\/argentinamunicipal.com.ar\/argentina\/wp-json\/wp\/v2\/categories?post=69824"},{"taxonomy":"post_tag","embeddable":true,"href":"http:\/\/argentinamunicipal.com.ar\/argentina\/wp-json\/wp\/v2\/tags?post=69824"}],"curies":[{"name":"wp","href":"https:\/\/api.w.org\/{rel}","templated":true}]}}