{"id":70283,"date":"2017-11-29T06:54:05","date_gmt":"2017-11-29T09:54:05","guid":{"rendered":"http:\/\/argentinamunicipal.com.ar\/argentina\/?p=70283"},"modified":"2017-11-29T06:54:05","modified_gmt":"2017-11-29T09:54:05","slug":"decenas-trabajadores-la-empresa-cidegas-olavarria-no-cobran-sueldos-90-dias","status":"publish","type":"post","link":"http:\/\/argentinamunicipal.com.ar\/argentina\/decenas-trabajadores-la-empresa-cidegas-olavarria-no-cobran-sueldos-90-dias\/","title":{"rendered":"Decenas de trabajadores de la empresa Cidegas de Olavarr\u00eda no cobran sus sueldos hace 90 d\u00edas"},"content":{"rendered":"<p>Operarios de la f\u00e1brica de tubos de GNC llevan 47 d\u00edas paro y se preparan para la sexta audiencia en el Ministerio de Trabajo bonaerense. Concurrir\u00e1n a la Defensor\u00eda del Pueblo y apuntaron contra el intendente Ezequiel Galli: \u201cno se ha tomado ni 15 minutos para poder atendernos\u201d.<\/p>\n<p>El conflicto en la empresa\u00a0Cidegas de Olavarr\u00eda\u00a0todav\u00eda no encuentra soluci\u00f3n y los trabajadores llevan 47 d\u00edas paro por reclamos laborales. La firma con capitales de la Rep\u00fablica Checa posee una deuda de alrededor de 17 millones de pesos entre salarios, cargas sociales, ART y servicios. Por ese motivo, los operarios hace tres meses que no perciben sus sueldos.<\/p>\n<p>Marchas, acampes y dem\u00e1s acciones realizaron en todos esos d\u00edas los\u00a035 empleados de la f\u00e1brica de tubos de GNC, ubicada en la calle Los Ciruelos del Parque Industrial 1, acompa\u00f1ados por SMATA. El conflicto se profundiza y las cr\u00edticas hacia las autoridades provinciales por parte de los afectados crecen paulatinamente. Asimismo, resaltaron la ausencia del intendente Ezequiel Galli y le reclamaron que se haga presente para colaborar con la desesperante situaci\u00f3n que atraviesan.<\/p>\n<p>En este marco, el\u00a0secretario general de SMATA Olavarr\u00eda, Claudio Molina,\u00a0detall\u00f3 a INFOCIELO que el panorama \u201cviene muy complicado\u201d y a\u00f1adi\u00f3 que \u201cla empresa no se present\u00f3 nunca, no tenemos contacto con ellos\u201d.<\/p>\n<p>En cuanto a las audiencias en el Ministerio de Trabajo bonaerense, coment\u00f3 que pronto tendr\u00e1n la sexta pero que \u201cno han sido productivas porque el Ministerio no est\u00e1 funcionando como corresponde. Todav\u00eda no intimaron a la embajada\u201d.<\/p>\n<p>En esa l\u00ednea, adelant\u00f3 que \u201cestamos hablando con la Defensor\u00eda del Pueblo y el Municipio de Olavarr\u00eda para que nos den ayuda\u201d.<\/p>\n<p>Consultado sobre las respuestas que ha brindado el distrito que conduce el intendente de Cambiemos, Ezequiel Galli, fue tajante: \u201chace un mes le entregamos un petitorio pero no hemos tenido una respuesta del intendente\u201d.<\/p>\n<p>\u201cNo se ha tomado ni 15 minutos para poder atendernos\u201d, sentenci\u00f3 sobre el accionar del jefe comunal que en 2016 ins\u00f3litamente vet\u00f3 una ordenanza que declaraba la Emergencia Laboral y suspend\u00eda los despidos por un a\u00f1o. Al mismo tiempo, coment\u00f3 que en \u201cDesarrollo Econ\u00f3mico nos atendieron pero dicen que se ven muy limitado a darnos ayuda\u201d.<\/p>\n<p>\u201cNos toca pelearla solos, es muy dif\u00edcil\u201d, resumi\u00f3 Molina sobre la intervenci\u00f3n nula del intendente Galli sobre el que todav\u00eda pesan acusaciones por la organizaci\u00f3n del fat\u00eddico recital del Indio Solari que termin\u00f3 con la muerte de dos personas.<\/p>\n<p>Como contrapartida, destac\u00f3 que el apoyo que tuvo de diversos sectores de trabajadores y sindicatos en las\u00a0acciones que realizaron y tambi\u00e9n el apoyo de los vecinos. \u201cHace dos a\u00f1os venimos a los tumbos, la situaci\u00f3n es muy compleja. Los trabajadores no tienen para comer y tenemos la colecta abierta, la gente ha sido muy solidaria\u201d, concluy\u00f3.<\/p>\n<h6>Fuente: InfoCielo<\/h6>\n","protected":false},"excerpt":{"rendered":"<p>Operarios de la f\u00e1brica de tubos de GNC llevan 47 d\u00edas paro y se preparan para la sexta audiencia en el Ministerio de Trabajo bonaerense.<\/p>\n","protected":false},"author":2,"featured_media":70284,"comment_status":"closed","ping_status":"closed","sticky":false,"template":"","format":"standard","meta":{"footnotes":""},"categories":[2],"tags":[12],"class_list":["post-70283","post","type-post","status-publish","format-standard","has-post-thumbnail","hentry","category-informe-municipal","tag-buenos-aires"],"_links":{"self":[{"href":"http:\/\/argentinamunicipal.com.ar\/argentina\/wp-json\/wp\/v2\/posts\/70283","targetHints":{"allow":["GET"]}}],"collection":[{"href":"http:\/\/argentinamunicipal.com.ar\/argentina\/wp-json\/wp\/v2\/posts"}],"about":[{"href":"http:\/\/argentinamunicipal.com.ar\/argentina\/wp-json\/wp\/v2\/types\/post"}],"author":[{"embeddable":true,"href":"http:\/\/argentinamunicipal.com.ar\/argentina\/wp-json\/wp\/v2\/users\/2"}],"replies":[{"embeddable":true,"href":"http:\/\/argentinamunicipal.com.ar\/argentina\/wp-json\/wp\/v2\/comments?post=70283"}],"version-history":[{"count":0,"href":"http:\/\/argentinamunicipal.com.ar\/argentina\/wp-json\/wp\/v2\/posts\/70283\/revisions"}],"wp:featuredmedia":[{"embeddable":true,"href":"http:\/\/argentinamunicipal.com.ar\/argentina\/wp-json\/wp\/v2\/media\/70284"}],"wp:attachment":[{"href":"http:\/\/argentinamunicipal.com.ar\/argentina\/wp-json\/wp\/v2\/media?parent=70283"}],"wp:term":[{"taxonomy":"category","embeddable":true,"href":"http:\/\/argentinamunicipal.com.ar\/argentina\/wp-json\/wp\/v2\/categories?post=70283"},{"taxonomy":"post_tag","embeddable":true,"href":"http:\/\/argentinamunicipal.com.ar\/argentina\/wp-json\/wp\/v2\/tags?post=70283"}],"curies":[{"name":"wp","href":"https:\/\/api.w.org\/{rel}","templated":true}]}}