{"id":70307,"date":"2017-11-29T07:30:21","date_gmt":"2017-11-29T10:30:21","guid":{"rendered":"http:\/\/argentinamunicipal.com.ar\/argentina\/?p=70307"},"modified":"2017-11-29T07:30:21","modified_gmt":"2017-11-29T10:30:21","slug":"una-marcha-rechazo-al-paquete-reformas","status":"publish","type":"post","link":"http:\/\/argentinamunicipal.com.ar\/argentina\/una-marcha-rechazo-al-paquete-reformas\/","title":{"rendered":"Una marcha en rechazo al paquete de reformas"},"content":{"rendered":"<p>Con la consigna \u201cNo es reforma, es ajuste\u201d, los gremios m\u00e1s opositores apuestan a una fuerte demostraci\u00f3n de rechazo a las medidas.<\/p>\n<p>En una protesta que busca ponerle un freno a la reforma laboral, los gremios de la Corriente Federal, Camioneros y las dos CTA, junto a los movimientos sociales, se preparaban para marchar esta tarde al Congreso. La movilizaci\u00f3n contra el gobierno \u2013en rechazo a las pol\u00edticas de ajuste y de p\u00e9rdida de derechos sociales que implican los proyectos de reforma laboral, previsional y el pacto fiscal con los gobernadores\u2013, se realiza en tensi\u00f3n con la c\u00fapula de la CGT. Los gremios convocantes hacen una apuesta a desbordar la plaza. Sobre el escenario en el que hablar\u00e1n Hugo Yasky, Pablo Micheli, Sergio Palazzo y Pablo Moyano va a desplegarse como expresi\u00f3n de la jornada la consigna \u201cNo es reforma, es ajuste. Basta!\u201d<\/p>\n<p>El Gobierno resolvi\u00f3 hacer a su vez un gesto ante la marcha: con la manifestaci\u00f3n en la calle, el Senado va a debatir la reforma previsional, decisi\u00f3n para la que cuenta con los senadores del sector del PJ encabezado por Miguel Angel Pichetto.<\/p>\n<p>Los sindicatos quieren poner en las escalinatas del Congreso a unas cien mil personas: si estas reformas hacen al coraz\u00f3n del modelo econ\u00f3mico y social de Cambiemos, la confluencia de las organizaciones gremiales y sociales que lograron armar esta movida lleva tambi\u00e9n en s\u00ed una expectativa mayor, la de servir como punto de inflexi\u00f3n a la hasta ahora disgregada resistencia social al macrismo.<\/p>\n<p>Las columnas tienen previsto entrar a la plaza en cuatro brazos, seg\u00fan su vertiente. Las dos CTA van concentrarse a partir de las 13.30 desde la esquina de Callao al 100, en direcci\u00f3n a la Avenida Santa Fe. Ah\u00ed van a ser mayor\u00eda los maestros de Ctera, los docentes est\u00e1n terminando el a\u00f1o en el que les fue quitada la paritaria nacional, y votaron realizar durante la jornada un paro que afectar\u00e1 a las escuelas p\u00fablicas. En este brazo de la manifestaci\u00f3n tambi\u00e9n es segura una fuerte presencia de estatales, hoy amenazados con una nueva ola de despidos masivos, v\u00eda los planes de \u201coptimizaci\u00f3n\u201d del Estado del ministerio de Modernizaci\u00f3n.<\/p>\n<p>Sobre la avenida Rivadavia hacia el bajo va a concentrar la Corriente Federal. La rama interna de la CGT liderada Sergio Palazzo (La Bancaria) impuls\u00f3 la convocatoria a la marcha, haciendo de im\u00e1n o pegamento del moyanismo. El sector liderado por Pablo Moyano \u2013secretario gremial de la CGT\u2013 con los Camioneros va a llegar al escenario desde la avenida Entre R\u00edos. En el medio, por Hip\u00f3lito Yrigoyen, van a estar las organizaciones sociales lideradas por la Confederaci\u00f3n de Trabajadores de la Econom\u00eda Popular (CTEP).<\/p>\n<p>La confederaci\u00f3n Nacional de Cooperativas de Trabajo, que representa a otro sector de las cooperativas de trabajo, tambi\u00e9n adhiri\u00f3 a la movilizaci\u00f3n. \u00a0Anoche estaban en viaje a Buenos Aires delegaciones de algunas regionales de la CGT que salieron desde ciudades como Rosario, Santa Fe, C\u00f3rdoba y Mendoza.<\/p>\n<p>Tambi\u00e9n participar\u00e1n en la protesta el sindicalismo clasista y los partidos del Frente de Izquierda, como es tradicional con una columna independiente.<\/p>\n<p>Como los docentes, los metrodelegados anunciaron un paro que dejar\u00e1 al subte sin servicios de 5 a 7 de la ma\u00f1ana, y ATE Capital una huelga por 24 horas.<\/p>\n<p>La reforma laboral fue enviada al Congreso por el Poder Ejecutivo luego de una serie de correcciones que el ministerio de Trabajo acord\u00f3 con el triunvirato que conduce la CGT. Estos cambios morigeraron el proyecto original. Sin embargo, la Corriente Federal, el moyanismo y las CTA plantean que el proyecto sigue siendo totalmente regresivo. Los cuestionamientos que hacen al texto \u201ccorregido\u201d pueden resumirse en los siguientes puntos:<\/p>\n<p>El proyecto abarata las indemnizaciones por despido, al excluir de su base de c\u00e1lculo el aguinaldo y los bonos. Esto lic\u00faa el poder disuasorio de cualquier indemnizaci\u00f3n.<br \/>\nInsiste en la legitimaci\u00f3n de las pasant\u00edas, que funcionan en realidad como un mecanismo de fraude laboral, haciendo del empleo joven empleo precario.<br \/>\nLimita el principio de irrenunciabilidad de derechos adquiridos, lo que facilita que los trabajadores sean presionados para ceder mejoras.<br \/>\nElimina la responsabilidad solidaria de las empresas que tercerizan empleados, lo que afecta tanto los derechos de los trabajadores como el modelo sindical por actividad.<br \/>\nPermite la creaci\u00f3n de fondos de despido a costa del trabajador.<br \/>\nLa movilizaci\u00f3n contra la reforma ya tuvo un primer efecto, ya que tras el anuncio de la protesta, su tratamiento en el Senado fue postergado. El PJ liderado por Pichetto condicion\u00f3 sus votos a que la CGT unificara una postura, y anunci\u00f3 adem\u00e1s que va a darle v\u00eda despu\u00e9s del 10 de diciembre, cuando la C\u00e1mara Alta tenga su nueva conformaci\u00f3n. La ex presidenta Cristina Fern\u00e1ndez de Kirchner ser\u00e1 entonces una de las voces opositoras que se escuchen en el debate. Lo que no se esperaba es que el gobierno redoblara la apuesta incluyendo en la agenda de hoy el tratamiento de la reforma previsional. Como otro elemento que agrega tensi\u00f3n a la jornada est\u00e1n el operativo de seguridad y las denuncias sobre la actuaci\u00f3n de infiltrados en las recientes marchas a la Plaza de Mayo.<\/p>\n<h6>Fuente: P\u00e1gina 12<\/h6>\n","protected":false},"excerpt":{"rendered":"<p>Con la consigna \u201cNo es reforma, es ajuste\u201d, los gremios m\u00e1s opositores apuestan a una fuerte demostraci\u00f3n de rechazo a las medidas.<\/p>\n","protected":false},"author":2,"featured_media":70308,"comment_status":"closed","ping_status":"closed","sticky":false,"template":"","format":"standard","meta":{"footnotes":""},"categories":[8],"tags":[21],"class_list":["post-70307","post","type-post","status-publish","format-standard","has-post-thumbnail","hentry","category-informe-nacional","tag-argentina"],"_links":{"self":[{"href":"http:\/\/argentinamunicipal.com.ar\/argentina\/wp-json\/wp\/v2\/posts\/70307","targetHints":{"allow":["GET"]}}],"collection":[{"href":"http:\/\/argentinamunicipal.com.ar\/argentina\/wp-json\/wp\/v2\/posts"}],"about":[{"href":"http:\/\/argentinamunicipal.com.ar\/argentina\/wp-json\/wp\/v2\/types\/post"}],"author":[{"embeddable":true,"href":"http:\/\/argentinamunicipal.com.ar\/argentina\/wp-json\/wp\/v2\/users\/2"}],"replies":[{"embeddable":true,"href":"http:\/\/argentinamunicipal.com.ar\/argentina\/wp-json\/wp\/v2\/comments?post=70307"}],"version-history":[{"count":0,"href":"http:\/\/argentinamunicipal.com.ar\/argentina\/wp-json\/wp\/v2\/posts\/70307\/revisions"}],"wp:featuredmedia":[{"embeddable":true,"href":"http:\/\/argentinamunicipal.com.ar\/argentina\/wp-json\/wp\/v2\/media\/70308"}],"wp:attachment":[{"href":"http:\/\/argentinamunicipal.com.ar\/argentina\/wp-json\/wp\/v2\/media?parent=70307"}],"wp:term":[{"taxonomy":"category","embeddable":true,"href":"http:\/\/argentinamunicipal.com.ar\/argentina\/wp-json\/wp\/v2\/categories?post=70307"},{"taxonomy":"post_tag","embeddable":true,"href":"http:\/\/argentinamunicipal.com.ar\/argentina\/wp-json\/wp\/v2\/tags?post=70307"}],"curies":[{"name":"wp","href":"https:\/\/api.w.org\/{rel}","templated":true}]}}