{"id":70313,"date":"2017-11-29T07:35:08","date_gmt":"2017-11-29T10:35:08","guid":{"rendered":"http:\/\/argentinamunicipal.com.ar\/argentina\/?p=70313"},"modified":"2017-11-29T07:35:08","modified_gmt":"2017-11-29T10:35:08","slug":"paran-los-docentes-pais-la-reforma-laboral","status":"publish","type":"post","link":"http:\/\/argentinamunicipal.com.ar\/argentina\/paran-los-docentes-pais-la-reforma-laboral\/","title":{"rendered":"Paran los docentes en todo el pa\u00eds contra la reforma laboral"},"content":{"rendered":"<p>Los maestros protestan contra la reforma laboral que hoy comienza a estudiarse en el Congreso. Se suman a la movilizaci\u00f3n de Pablo Moyano y las CTA.<\/p>\n<p>Los trabajadores docentes de todo el pa\u00eds\u00a0para hoy contra las\u00a0reformas laboral y previsional\u00a0que el Gobierno envi\u00f3 al Congreso y la CGT aval\u00f3 incluso pese a la grieta que la atraviesa por este tema.<\/p>\n<p>Seg\u00fan los maestros enrolados en Ctera, la reforma es un\u00a0\u00abajuste a los trabajadores\u00bb, motivo por el cual se suman hoy a la concentraci\u00f3n que se realizar\u00e1 frente al Parlamento, donde se tratar\u00e1n los proyectos oficiales de ajuste.<\/p>\n<p>La medida de fuerza fue resuelta en el congreso de Ctera. Asimismo, desde Suteba adhieren a la medida y a la marcha que encabezar\u00e1 el cegetista disidentePablo Moyano junto a l\u00edderes de la CTA\u00a0y organizaciones sociales.<\/p>\n<p>En tanto, el\u00a0Ministerio de Educaci\u00f3n\u00a0consider\u00f3 que la medida de fuerza \u00abse enmarca en el alineamiento que Ctera tiene con la CTA y que nada tiene que ver con temas educativos\u00bb.<\/p>\n<p>Por su parte, los docentes privados nucleados en Sadop adhieren a la movilizaci\u00f3n pero no se suman al paro..<\/p>\n<h6>Fuente: InfoNews<\/h6>\n","protected":false},"excerpt":{"rendered":"<p>Los maestros protestan contra la reforma laboral que hoy comienza a estudiarse en el Congreso. Se suman a la movilizaci\u00f3n de Pablo Moyano y las CTA.<\/p>\n","protected":false},"author":2,"featured_media":70314,"comment_status":"closed","ping_status":"closed","sticky":false,"template":"","format":"standard","meta":{"footnotes":""},"categories":[8],"tags":[21],"class_list":["post-70313","post","type-post","status-publish","format-standard","has-post-thumbnail","hentry","category-informe-nacional","tag-argentina"],"_links":{"self":[{"href":"http:\/\/argentinamunicipal.com.ar\/argentina\/wp-json\/wp\/v2\/posts\/70313","targetHints":{"allow":["GET"]}}],"collection":[{"href":"http:\/\/argentinamunicipal.com.ar\/argentina\/wp-json\/wp\/v2\/posts"}],"about":[{"href":"http:\/\/argentinamunicipal.com.ar\/argentina\/wp-json\/wp\/v2\/types\/post"}],"author":[{"embeddable":true,"href":"http:\/\/argentinamunicipal.com.ar\/argentina\/wp-json\/wp\/v2\/users\/2"}],"replies":[{"embeddable":true,"href":"http:\/\/argentinamunicipal.com.ar\/argentina\/wp-json\/wp\/v2\/comments?post=70313"}],"version-history":[{"count":0,"href":"http:\/\/argentinamunicipal.com.ar\/argentina\/wp-json\/wp\/v2\/posts\/70313\/revisions"}],"wp:featuredmedia":[{"embeddable":true,"href":"http:\/\/argentinamunicipal.com.ar\/argentina\/wp-json\/wp\/v2\/media\/70314"}],"wp:attachment":[{"href":"http:\/\/argentinamunicipal.com.ar\/argentina\/wp-json\/wp\/v2\/media?parent=70313"}],"wp:term":[{"taxonomy":"category","embeddable":true,"href":"http:\/\/argentinamunicipal.com.ar\/argentina\/wp-json\/wp\/v2\/categories?post=70313"},{"taxonomy":"post_tag","embeddable":true,"href":"http:\/\/argentinamunicipal.com.ar\/argentina\/wp-json\/wp\/v2\/tags?post=70313"}],"curies":[{"name":"wp","href":"https:\/\/api.w.org\/{rel}","templated":true}]}}