{"id":70316,"date":"2017-11-29T07:38:22","date_gmt":"2017-11-29T10:38:22","guid":{"rendered":"http:\/\/argentinamunicipal.com.ar\/argentina\/?p=70316"},"modified":"2017-11-29T07:38:22","modified_gmt":"2017-11-29T10:38:22","slug":"la-campora-afuera-espinoza-relegado-pj-bonaerense-oficializo-la-lista-unidad","status":"publish","type":"post","link":"http:\/\/argentinamunicipal.com.ar\/argentina\/la-campora-afuera-espinoza-relegado-pj-bonaerense-oficializo-la-lista-unidad\/","title":{"rendered":"Con La C\u00e1mpora afuera y Espinoza relegado, el PJ Bonaerense oficializ\u00f3 la lista de unidad"},"content":{"rendered":"<p>Tras 10 d\u00edas de negociaciones y peleas a viva voz, el Partido Justicialista de la provincia de Buenos Aires oficializ\u00f3 la lista de unidad, que tendr\u00e1 a Gustavo Men\u00e9ndez, intendente de Merlo, a la cabeza. Enterate qui\u00e9nes lo acompa\u00f1an en las secciones y en cada una de las ramas.<\/p>\n<p>Finalmente y tras diez d\u00edas de un ajedrez humano pocas veces visto, el\u00a0PJ Bonaerense oficializ\u00f3 hoy los nombres de la lista \u00fanica\u00a0con la que renovar\u00e1 la conducci\u00f3n que desde hace tres a\u00f1os detenta el matancero\u00a0Fernando Espinoza, el gran perdedor de esta edici\u00f3n de la rosca peronista.<\/p>\n<p>En ninguna parte del esquema de renovaci\u00f3n aparecen figuras vinculadas con el kirchnerismo; ni \u00absuperestructurales\u00bb ni \u00abterritoriales\u00bb.<br \/>\nNo es el \u00fanico: el kirchnerismo tampoco tiene lugares dentro del esquema. No aparecen sus principales cuadros \u201csuperestructurales\u201d y tampoco los que tienen territorios, ni siquiera en las secciones. Ni\u00a0Juan Ustarroz, de Mercedes; ni\u00a0Francisco Dura\u00f1ona, de San Antonio de Areco; ni\u00a0Patricio Mussi, de Berazategui; ni\u00a0Pablo Zurro, de Pehuaj\u00f3 obtuvieron ningun tipo de representaci\u00f3n.<\/p>\n<p>Como se sab\u00eda, el intendente de Merlo,\u00a0Gustavo Men\u00e9ndez, presidir\u00e1 por un a\u00f1o el partido para enrocar en 2019 con su par de Esteban Echeverr\u00eda,\u00a0Fernando Gray. De ellos para abajo el esquema es el siguiente:<\/p>\n<p>Consejeros Gremiales titulares est\u00e1 encabezada por Pablo Moyano, a quien le siguen Omar Plaini, Francisco Guti\u00e9rrez, Humberto Bertinat y Ricardo Pinganelii. Los suplentes son Juliana Ancinas Gauna, Hugo Ben\u00edtez y Ernestro Salvatierra.<\/p>\n<p>Lista de mujeres: Ver\u00f3nica Magario, Cristina Fioramonti, Mar\u00eda Alejandra Nardi, Ada Mar\u00eda Sierra y Mar\u00eda Elena Vel\u00e1zquez. Como suplentes Fabiana Bertino, Cecilia Arguello y Mar\u00eda Gagey.<\/p>\n<p>La Juventud la encabeza Federico Oterm\u00edn, de Lomas de Zamora. Lo acompa\u00f1an en la n\u00f3mina de titulares Juan G\u00f3mez Parodi, Mar\u00eda Caffiero Altamirano, Yanina Fern\u00e1ndez y Camilo Garc\u00eda. Y como suplentes, Juana Poletti, Amira Curi y Brenda Dotto.<\/p>\n<p>Como consejeros por la primera secci\u00f3n: Alberto Descalzo, Juan Zabaleta, Santiago Maggiotti y Patricia Duran (titulares). Fernando Moreira y Federico Ugo (suplentes).<\/p>\n<p>Por la segunda secci\u00f3n: Ricardo Casi, Oscar Otoich, Mauro Poletti y Mar\u00eda Soledad Mc Nally (titulares). H\u00e9ctor Cattaneo (suplente).<\/p>\n<p>Por la tercera secci\u00f3n: Fernando Espinoza, Fernando Gray, Marisa Fassi y Mariano Cascallares (titulares). Alfonso Regueiro y Dar\u00edo D\u00edaz P\u00e9rez (suplentes).<\/p>\n<p>Por la cuarta secci\u00f3n: Walter Torchio, Jorge Cortes, Alberto Conocchiari y Mar\u00eda Gianini (titulares). Leonel Zacca y Dar\u00edo Duretti (suplentes).<\/p>\n<p>Por la quinta secci\u00f3n: Juan Pablo De Jes\u00fas, Marcela Basualdo, Rodolfo Iriart y Juan Manuel Cheppi (titulares). Juan Carlos Veramendi y Diana Arguello (suplentes).<\/p>\n<p>Por la sexta secci\u00f3n: Marisol Merquel, Alfredo Fisher, Estean Acerbo y Eduardo Santill\u00e1n (titulares). Yolanda Marino y Osvaldo Barcelona (suplentes).<\/p>\n<p>Por la s\u00e9ptima secci\u00f3n: Juan Carlos Gasparini, \u00c1ngel Ralinqueo, Adriana Capuano, y Eduardo Bucca (titulares). Eliana Gasparini y \u00c1ngel Ram\u00edrez (suplentes).<\/p>\n<p>Y por la octava secci\u00f3n: Gabriel Bruera, Gonzalo Atanasof, Mirta Mari\u00f1o y Mar\u00eda Clara Vernet (titulares). Eliana Balcone y Mar\u00eda Parrili (suplentes).<\/p>\n<h6>Fuente: InfoCielo<\/h6>\n","protected":false},"excerpt":{"rendered":"<p>Tras 10 d\u00edas de negociaciones y peleas a viva voz, el Partido Justicialista de la provincia de Buenos Aires oficializ\u00f3 la lista de unidad, que tendr\u00e1 a Gustavo Men\u00e9ndez, intendente de Merlo, a la cabeza.<\/p>\n","protected":false},"author":2,"featured_media":70317,"comment_status":"closed","ping_status":"closed","sticky":false,"template":"","format":"standard","meta":{"footnotes":""},"categories":[4],"tags":[12],"class_list":["post-70316","post","type-post","status-publish","format-standard","has-post-thumbnail","hentry","category-informe-politico","tag-buenos-aires"],"_links":{"self":[{"href":"http:\/\/argentinamunicipal.com.ar\/argentina\/wp-json\/wp\/v2\/posts\/70316","targetHints":{"allow":["GET"]}}],"collection":[{"href":"http:\/\/argentinamunicipal.com.ar\/argentina\/wp-json\/wp\/v2\/posts"}],"about":[{"href":"http:\/\/argentinamunicipal.com.ar\/argentina\/wp-json\/wp\/v2\/types\/post"}],"author":[{"embeddable":true,"href":"http:\/\/argentinamunicipal.com.ar\/argentina\/wp-json\/wp\/v2\/users\/2"}],"replies":[{"embeddable":true,"href":"http:\/\/argentinamunicipal.com.ar\/argentina\/wp-json\/wp\/v2\/comments?post=70316"}],"version-history":[{"count":0,"href":"http:\/\/argentinamunicipal.com.ar\/argentina\/wp-json\/wp\/v2\/posts\/70316\/revisions"}],"wp:featuredmedia":[{"embeddable":true,"href":"http:\/\/argentinamunicipal.com.ar\/argentina\/wp-json\/wp\/v2\/media\/70317"}],"wp:attachment":[{"href":"http:\/\/argentinamunicipal.com.ar\/argentina\/wp-json\/wp\/v2\/media?parent=70316"}],"wp:term":[{"taxonomy":"category","embeddable":true,"href":"http:\/\/argentinamunicipal.com.ar\/argentina\/wp-json\/wp\/v2\/categories?post=70316"},{"taxonomy":"post_tag","embeddable":true,"href":"http:\/\/argentinamunicipal.com.ar\/argentina\/wp-json\/wp\/v2\/tags?post=70316"}],"curies":[{"name":"wp","href":"https:\/\/api.w.org\/{rel}","templated":true}]}}