{"id":70319,"date":"2017-11-29T07:40:46","date_gmt":"2017-11-29T10:40:46","guid":{"rendered":"http:\/\/argentinamunicipal.com.ar\/argentina\/?p=70319"},"modified":"2017-11-29T07:40:46","modified_gmt":"2017-11-29T10:40:46","slug":"la-ciudad-santa-fe-tendra-nuevo-jardin-municipal-barrio-chalet","status":"publish","type":"post","link":"http:\/\/argentinamunicipal.com.ar\/argentina\/la-ciudad-santa-fe-tendra-nuevo-jardin-municipal-barrio-chalet\/","title":{"rendered":"La ciudad de Santa Fe tendr\u00e1 un nuevo Jard\u00edn Municipal en barrio Chalet"},"content":{"rendered":"<p>Se trata del 17\u00ba edificio del Sistema Municipal de Educaci\u00f3n Inicial que impulsa el Gobierno de la Ciudad. Este martes se licit\u00f3 la obra que cuenta con un presupuesto oficial de unos $ 23 millones.<\/p>\n<p>La sala de reuniones de Intendencia del Municipio fue el escenario para el desarrollo del acto de apertura de sobres de la licitaci\u00f3n p\u00fablica para la construcci\u00f3n de un Jard\u00edn Municipal en barrio Chalet. Ser\u00e1 el edificio n\u00famero 17 del Sistema Municipal de Educaci\u00f3n Inicial y albergar\u00e1 a unos 200 ni\u00f1os desde los 45 d\u00edas de vida hasta los 5 a\u00f1os, en doble turno.<\/p>\n<p>Este edificio, que cuenta con un presupuesto oficial de $ 22.740.230, se construir\u00e1 en la intersecci\u00f3n de las calles Roberto Arlt y Roque S\u00e1enz Pe\u00f1a. Se present\u00f3 una sola empresa: EFE Construcciones de Carlos Fierro y propuso ejecutar las tareas por un monto de $ 23.800.478,27. Seg\u00fan se estableci\u00f3 en los pliegos, demanda su construcci\u00f3n unos ocho meses.<\/p>\n<p>Tendr\u00e1 620 m2 de superficie cubierta y 290 m2 semicubierta. Contar\u00e1 con seis salas desde lactantes hasta los 5 a\u00f1os, con patios de uso exclusivo, biblioteca, oficina administrativa, dep\u00f3sito, sanitarios p\u00fablicos y un Sal\u00f3n de Usos M\u00faltiples (SUM) con acceso independiente para uso comunitario.<\/p>\n<p>Pol\u00edtica de Estado<\/p>\n<p>\u00abLos Jardines Municipales constituyen una pol\u00edtica de Estado que nos enorgullece. Cuando miramos en retrospectiva nos parece incre\u00edble que el municipio haya podido generar con el esfuerzo de todos los ciudadanos un sistema de educaci\u00f3n inicial de la escala como el que hoy tenemos\u00bb, afirm\u00f3 la secretaria de Gobierno, Mar\u00eda Mart\u00edn, ante los medios de prensa.<\/p>\n<p>M\u00e1s adelante, agreg\u00f3: \u00abEs una oportunidad incre\u00edble para los chicos, sino no ten\u00edan alternativa. Las experiencias de enriquecimiento que vemos en cada acto de graduaci\u00f3n son verdaderamente ireemplazables y en este caso en particular es un Jard\u00edn que est\u00e1 emplazado en una zona donde hay muchas intervenciones porque funciona el Plan Nacional de H\u00e1bitat y se est\u00e1 haciendo cord\u00f3n cuneta, se est\u00e1 colocando luminaria, se pavimentan las calles, entre otras acciones\u00bb.<\/p>\n<p>La funcionaria municipal record\u00f3 que este lugar \u00abes un sector que sufri\u00f3 mucho con las inundaciones y hoy el barrio est\u00e1 cambiando; y que de apoco y con mucho esfuerzo la situaci\u00f3n cambie, es un orgullo y se corona con este jard\u00edn\u00bb, dijo Mart\u00edn.<\/p>\n<p>Y antes de finalizar expres\u00f3: \u00abEs una oportunidad importante para esos chicos que hoy no tienen donde ir y tambi\u00e9n para las madres porque si no fueran al jard\u00edn no podr\u00edan desarrollarse, hacer sus tareas. Por eso es una pol\u00edtica de igualdad y se da un c\u00edrculo virtuoso que nos alienta a seguir trabajando\u00bb<\/p>\n<p>Edificio emblem\u00e1tico<\/p>\n<p>Por su parte, el secretario de Planeamiento Urbano, Marcelo Pascual\u00f3n, destac\u00f3 que este es otro de los jardines considerados emblem\u00e1ticos y sobre todo \u00abse destaca porque cumple el circuito completo de la educaci\u00f3n inicial, pero adem\u00e1s complementa con actividades de uso vecinal\u00bb, dijo y luego agreg\u00f3: \u00abLa idea es que los vecinos puedan apropiarse de estos espacios y este\u00a0 jard\u00edn va a completar toda la intervenci\u00f3n que estamos haciendo en Chalet y tambi\u00e9n en San Lorenzo en el marco de ese plan que llega desde el Gobierno\u00a0 nacional\u00bb.<\/p>\n<p>Ante la propuesta, Pascual\u00f3n dijo: \u00abEl plazo aproximado es de ocho meses, hubo una sola oferta cuyo presupuesto estuvo muy cerca del oficial, ahora pasar\u00e1 a una comisi\u00f3n evaluadora y en el caso de que est\u00e9n los requisitos en orden esperamos empezar r\u00e1pidamente la ejecuci\u00f3n del jard\u00edn\u00bb.<\/p>\n<p>M\u00e1s adelante, manifest\u00f3: \u00abSi lo tenemos que comparar es como el que hicimos en Barranquitas Sur, Coronel Dorrego o Las Flores, son construcciones de grandes dimensiones y tienen muchos espacios que tienen que ver con el desarrollo de la actividad educativa y otros sectores que tiene que ver con la apropiaci\u00f3n de los vecinos y por eso los grandes patios y otras superficies de uso com\u00fan como un SUM con ingreso independiente al jard\u00edn para que puedan ser usados por todos los vecinos\u00bb.<\/p>\n<p>En marcha<\/p>\n<p>Vale recordar que en la actualidad, son unos 2 mil los ni\u00f1os y ni\u00f1as de Santa Fe que asisten a los Jardines que construidos por el Gobierno de la Ciudad y que forman parte del multipremiado Sistema Municipal de Educaci\u00f3n Inicial.<\/p>\n<p>Los otros 16 Jardines Municipales funcionan en los barrios Padre Atilio Rosso, Alto Verde, Varadero Sarsotti, Pro Mejoras Barranquitas, San Agust\u00edn, Loyola Sur, Villa Hip\u00f3dromo, El Abasto, Barranquitas Sur, Coronel Dorrego, Las Flores, La Guardia, San Lorenzo; y los que est\u00e1n en los CIC de Facundo Zuviria y Roca y tambi\u00e9n el Jard\u00edn Municipal para los hijos de los empleados de la Municipalidad.<\/p>\n<h6>\nFuente:\u00a0Sin Mordaza<\/h6>\n","protected":false},"excerpt":{"rendered":"<p>Se trata del 17\u00ba edificio del Sistema Municipal de Educaci\u00f3n Inicial que impulsa el Gobierno de la Ciudad. Este martes se licit\u00f3 la obra que cuenta con un presupuesto oficial de unos $ 23 millones. <\/p>\n","protected":false},"author":2,"featured_media":70320,"comment_status":"closed","ping_status":"closed","sticky":false,"template":"","format":"standard","meta":{"footnotes":""},"categories":[2],"tags":[10],"class_list":["post-70319","post","type-post","status-publish","format-standard","has-post-thumbnail","hentry","category-informe-municipal","tag-santa-fe"],"_links":{"self":[{"href":"http:\/\/argentinamunicipal.com.ar\/argentina\/wp-json\/wp\/v2\/posts\/70319","targetHints":{"allow":["GET"]}}],"collection":[{"href":"http:\/\/argentinamunicipal.com.ar\/argentina\/wp-json\/wp\/v2\/posts"}],"about":[{"href":"http:\/\/argentinamunicipal.com.ar\/argentina\/wp-json\/wp\/v2\/types\/post"}],"author":[{"embeddable":true,"href":"http:\/\/argentinamunicipal.com.ar\/argentina\/wp-json\/wp\/v2\/users\/2"}],"replies":[{"embeddable":true,"href":"http:\/\/argentinamunicipal.com.ar\/argentina\/wp-json\/wp\/v2\/comments?post=70319"}],"version-history":[{"count":0,"href":"http:\/\/argentinamunicipal.com.ar\/argentina\/wp-json\/wp\/v2\/posts\/70319\/revisions"}],"wp:featuredmedia":[{"embeddable":true,"href":"http:\/\/argentinamunicipal.com.ar\/argentina\/wp-json\/wp\/v2\/media\/70320"}],"wp:attachment":[{"href":"http:\/\/argentinamunicipal.com.ar\/argentina\/wp-json\/wp\/v2\/media?parent=70319"}],"wp:term":[{"taxonomy":"category","embeddable":true,"href":"http:\/\/argentinamunicipal.com.ar\/argentina\/wp-json\/wp\/v2\/categories?post=70319"},{"taxonomy":"post_tag","embeddable":true,"href":"http:\/\/argentinamunicipal.com.ar\/argentina\/wp-json\/wp\/v2\/tags?post=70319"}],"curies":[{"name":"wp","href":"https:\/\/api.w.org\/{rel}","templated":true}]}}