{"id":70325,"date":"2017-11-29T07:47:33","date_gmt":"2017-11-29T10:47:33","guid":{"rendered":"http:\/\/argentinamunicipal.com.ar\/argentina\/?p=70325"},"modified":"2017-11-29T07:47:33","modified_gmt":"2017-11-29T10:47:33","slug":"cordoba-proponen-ersep-municipal-controlado-poder-politico","status":"publish","type":"post","link":"http:\/\/argentinamunicipal.com.ar\/argentina\/cordoba-proponen-ersep-municipal-controlado-poder-politico\/","title":{"rendered":"C\u00f3rdoba: Proponen un \u201cErsep municipal\u201d, controlado por el poder pol\u00edtico"},"content":{"rendered":"<p>Se aceler\u00f3 en el Concejo Deliberante la discusi\u00f3n sobre un organismo de control de los servicios p\u00fablicos municipales. Fisuras entre el bloque oficialista y una bancada aliada por el modo de elecci\u00f3n de los miembros.<br \/>\nEl\u00a0Concejo Deliberante\u00a0aceler\u00f3 la discusi\u00f3n sobre la creaci\u00f3n de un Ente Regulador de Servicios p\u00fablicos Municipales (Ersem) que podr\u00eda ser aprobado antes de la finalizaci\u00f3n del per\u00edodo legislativo ordinario, estipulada para el 15 de diciembre.<\/p>\n<p>Se trata de un organismo de control previsto en la Carta Org\u00e1nica de 1995, sin atribuciones para determinar las tarifas de los servicios, a diferencia de lo que ocurre con el\u00a0Ente Regulador de Servicios P\u00fablicos provincial (Ersep).<\/p>\n<p>Tres proyectos diferentes fueron tratados ayer en la Comisi\u00f3n de Servicios P\u00fablicos, sin consenso, y ma\u00f1ana en la reuni\u00f3n del pleno legislativo se pedir\u00e1 el tratamiento a dos sesiones de todos ellos.<\/p>\n<p>Dos de las iniciativas exhiben similitudes en cuanto a la selecci\u00f3n de los miembros, asunto que se presenta como fundamental al tratarse de un organismo de control: son los proyectos de la concejala del bloque Partido Socialdem\u00f3crata, Laura Sesma \u2013aliada al oficialismo\u2013, y el proyecto del opositor Fernando Masucci (Fuerza de la Gente). Ambos prev\u00e9n la elecci\u00f3n de miembros por concurso de oposici\u00f3n y antecedentes, reivindicando la naturaleza t\u00e9cnica del Ersem.<\/p>\n<p>El proyecto restante, ingresado hace poco al Concejo, es impulsado por Juntos por C\u00f3rdoba \u2013la bancada que responde al intendente Ram\u00f3n Mestre\u2013 y estipula la integraci\u00f3n de miembros sin concurso, con una idea de determinaci\u00f3n pol\u00edtica de la conducci\u00f3n del ente.<\/p>\n<p>Esta diferencia implica una fisura entre Sesma, quien fuera funcionaria municipal en el primer per\u00edodo de gesti\u00f3n del actual intendente, y el bloque oficialista.<\/p>\n<p>\u201cCuando\u00a0Mestre\u00a0era concejal opositor, present\u00f3 un proyecto que estipulaba la creaci\u00f3n del ente y su constituci\u00f3n mediante concurso. Hoy sus ediles presentan una iniciativa que pone el acento en lo pol\u00edtico y no en lo t\u00e9cnico; que busca repartir cargos rentados de los miembros de este organismo de control entre los partidos pol\u00edticos\u201d, se\u00f1al\u00f3 Sesma.<\/p>\n<p>La edila sent\u00f3 adem\u00e1s una posici\u00f3n pol\u00edtica sobre futuros acuerdos. \u201cSi no se aprueba un proyecto para que se controle, pero empoderando a la gente y no haciendo de esto una repartija pol\u00edtica, yo no voy a acompa\u00f1ar el Presupuesto 2018, que le da m\u00e1s de 15 por ciento de los recursos municipales a un contrato de Higiene Urbana. Ese gasto debe ser controlado adecuadamente, de modo transparente\u201d.<\/p>\n<p>Por su parte, el concejal Lucas Cavallo argument\u00f3 ayer en el seno de la Comisi\u00f3n de Servicios P\u00fablicos que la conducci\u00f3n del Ersem deb\u00eda ser escogida con criterios pol\u00edticos. \u201cDisponemos de un proyecto que tiene como objeto cumplimentar con la Carta Org\u00e1nica y crear un ente controlador de servicios p\u00fablicos municipales. En vista a los dos proyectos existentes, el nuestro tiende a los mismos fines\u201d, se\u00f1al\u00f3 Cavallo.<\/p>\n<p>Y continu\u00f3: \u201cEn la conformaci\u00f3n del ente nos diferenciamos del proyecto de la edila Sesma. Lo entendemos como \u00f3rgano de corte pol\u00edtico que, necesariamente, tiene que tener la participaci\u00f3n de los usuarios, pero tambi\u00e9n de la oposici\u00f3n. Un concurso a la usanza de un juez de Faltas no puede garantizar las proporciones pol\u00edticas que entendemos tiene que tener el ente. Y mucho menos puede garantizar la participaci\u00f3n de usuarios\u201d.<\/p>\n<p>Por su parte, Masucci defendi\u00f3 que \u201cun organismo de control de servicios p\u00fablicos no puede ser ap\u00e9ndice del poder pol\u00edtico. Ya en C\u00f3rdoba tenemos el Ersep y los tribunales de Cuentas que est\u00e1n mal constituidos, porque all\u00ed la gente no tiene voz real\u201d.<\/p>\n<p><strong>Integrantes Formas de elecci\u00f3n<\/strong><\/p>\n<p>Laura Sesma. Art\u00edculo 3: \u201cEl directorio del Ersem estar\u00e1 compuesto por tres miembros, uno en car\u00e1cter de presidente y dos en car\u00e1cter de vocales\u201d. Art\u00edculo 11. \u201cLos integrantes deber\u00e1n poseer t\u00edtulo universitario de grado, con especializaci\u00f3n en la materia. Ser\u00e1n seleccionados por concurso p\u00fablico de acuerdo con las ordenanzas vigentes, organizado y desarrollado por el instituto de formaci\u00f3n y selecci\u00f3n de servidores p\u00fablicos de la Municipalidad de C\u00f3rdoba\u201d.<\/p>\n<p><strong>Bloque Juntos por C\u00f3rdoba.\u00a0<\/strong><\/p>\n<p>Art\u00edculo 5:\u00a0\u201cSer\u00e1 dirigido por un directorio integrado por seis miembros designados por el Ejecutivo Municipal, de los cuales dos de los miembros ser\u00e1n nombrados a propuesta de los partidos pol\u00edticos y\/o alianzas representadas en el Concejo Deliberante; uno a propuesta de las asociaci\u00f3n de usuarios reconocida legalmente en el \u00e1mbito municipal (subyace que tres ser\u00e1n designados para el oficialismo y que el presidente puede definir en caso de empate).<\/p>\n<p>Ram\u00f3n Mestre (2007).\u00a0Art\u00edculo 5\u00b0. \u201cLos integrantes del Directorio del Ente deber\u00e1n ser profesionales con t\u00edtulo universitario. Ser\u00e1n seleccionados por concurso p\u00fablico de oposici\u00f3n y antecedentes, cuyo jurado estar\u00e1 compuesto por profesionales designados por la Universidad Nacional de C\u00f3rdoba\u201d. Este fue el texto presentado<\/p>\n<h6>Fuente: La Voz<\/h6>\n","protected":false},"excerpt":{"rendered":"<p>Se aceler\u00f3 en el Concejo Deliberante la discusi\u00f3n sobre un organismo de control de los servicios p\u00fablicos municipales.<\/p>\n","protected":false},"author":2,"featured_media":70326,"comment_status":"closed","ping_status":"closed","sticky":false,"template":"","format":"standard","meta":{"footnotes":""},"categories":[4],"tags":[3],"class_list":["post-70325","post","type-post","status-publish","format-standard","has-post-thumbnail","hentry","category-informe-politico","tag-cordoba"],"_links":{"self":[{"href":"http:\/\/argentinamunicipal.com.ar\/argentina\/wp-json\/wp\/v2\/posts\/70325","targetHints":{"allow":["GET"]}}],"collection":[{"href":"http:\/\/argentinamunicipal.com.ar\/argentina\/wp-json\/wp\/v2\/posts"}],"about":[{"href":"http:\/\/argentinamunicipal.com.ar\/argentina\/wp-json\/wp\/v2\/types\/post"}],"author":[{"embeddable":true,"href":"http:\/\/argentinamunicipal.com.ar\/argentina\/wp-json\/wp\/v2\/users\/2"}],"replies":[{"embeddable":true,"href":"http:\/\/argentinamunicipal.com.ar\/argentina\/wp-json\/wp\/v2\/comments?post=70325"}],"version-history":[{"count":0,"href":"http:\/\/argentinamunicipal.com.ar\/argentina\/wp-json\/wp\/v2\/posts\/70325\/revisions"}],"wp:featuredmedia":[{"embeddable":true,"href":"http:\/\/argentinamunicipal.com.ar\/argentina\/wp-json\/wp\/v2\/media\/70326"}],"wp:attachment":[{"href":"http:\/\/argentinamunicipal.com.ar\/argentina\/wp-json\/wp\/v2\/media?parent=70325"}],"wp:term":[{"taxonomy":"category","embeddable":true,"href":"http:\/\/argentinamunicipal.com.ar\/argentina\/wp-json\/wp\/v2\/categories?post=70325"},{"taxonomy":"post_tag","embeddable":true,"href":"http:\/\/argentinamunicipal.com.ar\/argentina\/wp-json\/wp\/v2\/tags?post=70325"}],"curies":[{"name":"wp","href":"https:\/\/api.w.org\/{rel}","templated":true}]}}