{"id":70331,"date":"2017-11-29T08:01:14","date_gmt":"2017-11-29T11:01:14","guid":{"rendered":"http:\/\/argentinamunicipal.com.ar\/argentina\/?p=70331"},"modified":"2017-11-29T08:01:14","modified_gmt":"2017-11-29T11:01:14","slug":"mercociudades-tres-eventos-uno-cordoba","status":"publish","type":"post","link":"http:\/\/argentinamunicipal.com.ar\/argentina\/mercociudades-tres-eventos-uno-cordoba\/","title":{"rendered":"Mercociudades, tres eventos en uno en C\u00f3rdoba"},"content":{"rendered":"<p>Desde hoy y hasta el viernes, 99 intendentes de ciudades del Mercosur est\u00e1n en la Capital. La cumbre incluye una Feria de Salud. Tambi\u00e9n, un Foro de Desarrollo Econ\u00f3mico local y la asamblea de Mercociudades.<br \/>\nDesde hoy y hasta el viernes, la ciudad de C\u00f3rdoba ser\u00e1 sede de la 22\u00aa Cumbre de Mercociudades. C\u00f3rdoba es cofundadora de esta red que re\u00fane a intendentes latinoamericanos y desde ahora asume la presidencia\u00a0pro tempore\u00a0de este bloque. Seg\u00fan confirm\u00f3 el municipio, asistir\u00e1 casi un centenar de alcaldes e intendentes de Argentina, Chile, Brasil, Ecuador, Per\u00fa, Bolivia, Paraguay y Uruguay.<\/p>\n<p>Mercociudades reunir\u00e1 tres eventos en uno. En paralelo a la cumbre, se realiza hoy y ma\u00f1ana en C\u00f3rdoba la Feria de Salud del Mercosur, donde hay m\u00e1s de 500 inscriptos para las ponencias, disertaciones, foros y actividades sobre el rol de los municipios en el desarrollo de pol\u00edticas p\u00fablicas locales. Esa actividad se desarrollar\u00e1 en Obispo Trejo 323, en la sede de la Escuela de Negocios de la Universidad Cat\u00f3lica de C\u00f3rdoba (Icda).<\/p>\n<p>En simult\u00e1neo, hoy y ma\u00f1ana se realizar\u00e1 el Segundo Foro Internacional de Desarrollo Econ\u00f3mico Local: \u201cNuevos escenarios, transformaciones y competitividad territorial\u201d, organizado por Adec. Ayer, el intendente Ram\u00f3n Mestre present\u00f3 este acontecimiento en un acto realizado en el Jard\u00edn Bot\u00e1nico de la ciudad.<\/p>\n<p>El Foro se realizar\u00e1 en el hotel Sheraton. En cada uno de los paneles participar\u00e1n especialistas y referentes de vasta trayectoria y reconocimiento como Ernesto Samper, expresidente de Colombia; el ingeniero espa\u00f1ol Alain Jord\u00e1; \u00c9rica Molina, del Fondo Multilateral de Inversiones (Fomin); Marys\u00e9 Robert, de la Organizaci\u00f3n de Estados Americanos (OEA), y Pablo Angeleli, del Banco Interamericano de Desarrollo (BID), entre otros.<\/p>\n<p>\u201cEl Foro es una oportunidad de di\u00e1logo y reflexi\u00f3n para que los participantes, aprovechando experiencias innovadoras y buenas pr\u00e1cticas implementadas en otras ciudades y territorios, las adapten para dise\u00f1ar acciones que promuevan el desarrollo de las ciudades en el marco de las transformaciones que est\u00e1n ocurriendo y as\u00ed prepararnos para dar respuesta a las necesidades actuales y futuras\u201d, dijo Sebasti\u00e1n Parra, vicepresidente 1\u00b0 de Adec.<\/p>\n<p>Adem\u00e1s de esos dos megaencuentros, transcurrir\u00e1n desde hoy las actividades propias de la reuni\u00f3n del Consejo de Mercociudades: la primera ser\u00e1 hoy en el sal\u00f3n del Consejo del Viejo Rectorado de la UNC, y habr\u00e1 otros tres encuentros de intendentes, uno hoy en la Sala Magna de la Academia Nacional de Ciencias \u2013sobre comercio internacional\u2013 y otros dos ma\u00f1ana: en el Centro Cultural C\u00f3rdoba, a las 11, sobre participaci\u00f3n y nuevos modelos de gesti\u00f3n; y a las 17, sobre gobiernos locales y promoci\u00f3n de la gobernanza.<\/p>\n<p>La Asamblea de Mercociudades cerrar\u00e1 el viernes 1\u00b0 de diciembre las actividades de los intendentes: se llevar\u00e1 a cabo en el parque Educativo Noroeste, recientemente inaugurado por la Municipalidad en barrio Villa Allende Parque.<\/p>\n<h6>Fuetne: La Voz<\/h6>\n","protected":false},"excerpt":{"rendered":"<p>Desde hoy y hasta el viernes, 99 intendentes de ciudades del Mercosur est\u00e1n en la Capital. La cumbre incluye una Feria de Salud. Tambi\u00e9n, un Foro de Desarrollo Econ\u00f3mico local y la asamblea de Mercociudades.<\/p>\n","protected":false},"author":2,"featured_media":70332,"comment_status":"closed","ping_status":"closed","sticky":false,"template":"","format":"standard","meta":{"footnotes":""},"categories":[47],"tags":[3],"class_list":["post-70331","post","type-post","status-publish","format-standard","has-post-thumbnail","hentry","category-fiestas","tag-cordoba"],"_links":{"self":[{"href":"http:\/\/argentinamunicipal.com.ar\/argentina\/wp-json\/wp\/v2\/posts\/70331","targetHints":{"allow":["GET"]}}],"collection":[{"href":"http:\/\/argentinamunicipal.com.ar\/argentina\/wp-json\/wp\/v2\/posts"}],"about":[{"href":"http:\/\/argentinamunicipal.com.ar\/argentina\/wp-json\/wp\/v2\/types\/post"}],"author":[{"embeddable":true,"href":"http:\/\/argentinamunicipal.com.ar\/argentina\/wp-json\/wp\/v2\/users\/2"}],"replies":[{"embeddable":true,"href":"http:\/\/argentinamunicipal.com.ar\/argentina\/wp-json\/wp\/v2\/comments?post=70331"}],"version-history":[{"count":0,"href":"http:\/\/argentinamunicipal.com.ar\/argentina\/wp-json\/wp\/v2\/posts\/70331\/revisions"}],"wp:featuredmedia":[{"embeddable":true,"href":"http:\/\/argentinamunicipal.com.ar\/argentina\/wp-json\/wp\/v2\/media\/70332"}],"wp:attachment":[{"href":"http:\/\/argentinamunicipal.com.ar\/argentina\/wp-json\/wp\/v2\/media?parent=70331"}],"wp:term":[{"taxonomy":"category","embeddable":true,"href":"http:\/\/argentinamunicipal.com.ar\/argentina\/wp-json\/wp\/v2\/categories?post=70331"},{"taxonomy":"post_tag","embeddable":true,"href":"http:\/\/argentinamunicipal.com.ar\/argentina\/wp-json\/wp\/v2\/tags?post=70331"}],"curies":[{"name":"wp","href":"https:\/\/api.w.org\/{rel}","templated":true}]}}