{"id":70347,"date":"2017-11-29T08:32:45","date_gmt":"2017-11-29T11:32:45","guid":{"rendered":"http:\/\/argentinamunicipal.com.ar\/argentina\/?p=70347"},"modified":"2017-11-29T08:32:45","modified_gmt":"2017-11-29T11:32:45","slug":"pinera-compara-guillier-maduro-apunta-chile-se-convertira-otra-venezuela","status":"publish","type":"post","link":"http:\/\/argentinamunicipal.com.ar\/argentina\/pinera-compara-guillier-maduro-apunta-chile-se-convertira-otra-venezuela\/","title":{"rendered":"Pi\u00f1era compara a Guillier con Maduro y apunta a que Chile se convertir\u00e1 \u00aben otra Venezuela\u00bb"},"content":{"rendered":"<p>El expresidente Sebasti\u00e1n Pi\u00f1era compar\u00f3 a su rival en el balotaje, Alejandro Guillier, con el mandatario venezolano Nicol\u00e1s Maduro, reforzando la estrategia electoral de la derecha chilena que sostiene que el pa\u00eds va camino a convertirse en \u00abotra Venezuela\u00bb.<\/p>\n<p>\u00abYo veo que el candidato Guillier est\u00e1 cada d\u00eda m\u00e1s violento, m\u00e1s demagogo, m\u00e1s populista, m\u00e1s err\u00e1tico y se parece cada d\u00eda m\u00e1s a Maduro\u00bb, dijo el candidato que aspira a llegar nuevamente a La Moneda.<\/p>\n<p>A 18 d\u00edas de la segunda vuelta presidencial, Pi\u00f1era expres\u00f3 ante sus seguidores: \u00abYo me pregunto \u00bfad\u00f3nde nos conduce ese camino? Yo veo que algunos con tal de aferrarse al poder y a sus prebendas est\u00e1n dispuestos a hacer cualquier cosa\u00bb.<\/p>\n<p>En reacci\u00f3n al discurso de la noche del lunes del representante del oficialismo, el exgobernante sostuvo que \u00ablo que Chile necesita son candidatos que busquen la unidad entre los chilenos, que hagan propuestas en forma responsable, que se encarguen y preocupen de hacer propuestas que sean factibles de cumplir\u00bb.<\/p>\n<p>Y endureciendo m\u00e1s su cr\u00edtica al rival, afirm\u00f3 que \u00abun eventual Gobierno de Guillier va a ser dominado por el PC (Partido Comunista) y los sectores m\u00e1s extremistas de nuestro pa\u00eds. Ese no es el camino que los chilenos necesitamos, queremos y merecemos\u00bb. Pi\u00f1era recibi\u00f3 el apoyo, a t\u00edtulo personal, de 12 militantes de Ciudadanos, el partido pol\u00edtico liderado por Andr\u00e9s Velasco, exministro de Hacienda del primer gobierno de Michelle Bachelet.<\/p>\n<p>Tambi\u00e9n adhirieron el ex vicepresidente de la Democracia Cristiana, Juan Jos\u00e9 Santa Cruz, y Rafael Guilisasti, ex presidente de la Confederaci\u00f3n de la Producci\u00f3n y el Comercio. Santa Cruz explic\u00f3 que \u00abno somos de derecha, no nos hemos cambiado de vereda, creemos que este pa\u00eds se juega en la pr\u00f3xima elecci\u00f3n el destino de seguir una estrategia de desarrollo para todos los chilenos o un retroceso a pol\u00edticas de los a\u00f1os 60.<\/p>\n<p>Nosotros vamos a estar y vamos a votar y a llamar por Sebasti\u00e1n Pi\u00f1era, porque creemos que es un voto responsable\u00bb.<\/p>\n<p>La Democracia Cristiana sufri\u00f3 un descalabro electoral luego que su candidata presidencial, Carolina Goic, obtuviera tan solo el 5,6% de los votos. El consejo de la DC decidi\u00f3 al d\u00eda siguiente entregar su apoyo a Guillier.<\/p>\n<p>A su vez, el senador independiente de izquierda realiz\u00f3 un gesto al Frente Amplio (ostenta el 20% de la votaci\u00f3n del pasado 19 de noviembre, y anunci\u00f3 la condonaci\u00f3n de la deuda del Cr\u00e9dito con Aval del Estado (CAE) al 40% de los estudiantes m\u00e1s pobres.<\/p>\n<p>\u00abVamos a poner fin al CAE y vamos a salir en ayuda de esas familias endeudadas que hoy no pueden pagar y que ven como pesadilla la deuda del CAE\u00bb, plante\u00f3 el soci\u00f3logo y periodista.<\/p>\n<p>Enrostr\u00f3 que \u00abpara aquellos que dicen que esto es demagogia y no se puede pagar, les quiero recordar que en los a\u00f1os 80 la dictadura salv\u00f3 a los bancos chilenos de la quiebra con el patrimonio de todos los chilenos y nadie habl\u00f3 de dictadura, ni de abuso, ni de colusi\u00f3n ni de privilegio\u00bb.<\/p>\n<p>\u00abPor qu\u00e9 pudimos salvar a los bancos y no pudimos salvar a las familias chilenas?\u00bb, interrog\u00f3 p\u00fablicamente.<\/p>\n<p>Aunque es considerado un gesto hacia el FA, los dirigentes del conglomerado debaten la opci\u00f3n que adoptar\u00e1n y que dar\u00e1n a conocer ma\u00f1ana. Conformado por 12 org\u00e1nicas, lo m\u00e1s probable es que se deje en libertad de acci\u00f3n a sus adherentes, como ya hizo el Partido Humanista, mientras otro sector llamar\u00eda a votar contra Pi\u00f1era y, por lo tanto, por Guillier. En esta segunda vuelta se ha replicado el escenario de hace 30 a\u00f1os entre el Si y el No a la dictadura. Por redes sociales, los dos comandos advierten sobre el peligro del otro. Para unos, Chile arriesga convertirse en otra Venezuela y, para otros, peligran los derechos sociales adquiridos.<\/p>\n<h6>Fuetne: Tucum\u00e1n Hoy<\/h6>\n","protected":false},"excerpt":{"rendered":"<p>El expresidente Sebasti\u00e1n Pi\u00f1era compar\u00f3 a su rival en el balotaje, Alejandro Guillier, con el mandatario venezolano Nicol\u00e1s Maduro, reforzando la estrategia electoral de la derecha chilena que sostiene que el pa\u00eds va camino a convertirse en \u00abotra Venezuela\u00bb.<\/p>\n","protected":false},"author":2,"featured_media":70348,"comment_status":"closed","ping_status":"closed","sticky":false,"template":"","format":"standard","meta":{"footnotes":""},"categories":[22],"tags":[57],"class_list":["post-70347","post","type-post","status-publish","format-standard","has-post-thumbnail","hentry","category-el-mundo","tag-el-mundo"],"_links":{"self":[{"href":"http:\/\/argentinamunicipal.com.ar\/argentina\/wp-json\/wp\/v2\/posts\/70347","targetHints":{"allow":["GET"]}}],"collection":[{"href":"http:\/\/argentinamunicipal.com.ar\/argentina\/wp-json\/wp\/v2\/posts"}],"about":[{"href":"http:\/\/argentinamunicipal.com.ar\/argentina\/wp-json\/wp\/v2\/types\/post"}],"author":[{"embeddable":true,"href":"http:\/\/argentinamunicipal.com.ar\/argentina\/wp-json\/wp\/v2\/users\/2"}],"replies":[{"embeddable":true,"href":"http:\/\/argentinamunicipal.com.ar\/argentina\/wp-json\/wp\/v2\/comments?post=70347"}],"version-history":[{"count":0,"href":"http:\/\/argentinamunicipal.com.ar\/argentina\/wp-json\/wp\/v2\/posts\/70347\/revisions"}],"wp:featuredmedia":[{"embeddable":true,"href":"http:\/\/argentinamunicipal.com.ar\/argentina\/wp-json\/wp\/v2\/media\/70348"}],"wp:attachment":[{"href":"http:\/\/argentinamunicipal.com.ar\/argentina\/wp-json\/wp\/v2\/media?parent=70347"}],"wp:term":[{"taxonomy":"category","embeddable":true,"href":"http:\/\/argentinamunicipal.com.ar\/argentina\/wp-json\/wp\/v2\/categories?post=70347"},{"taxonomy":"post_tag","embeddable":true,"href":"http:\/\/argentinamunicipal.com.ar\/argentina\/wp-json\/wp\/v2\/tags?post=70347"}],"curies":[{"name":"wp","href":"https:\/\/api.w.org\/{rel}","templated":true}]}}