{"id":70353,"date":"2017-11-30T07:01:41","date_gmt":"2017-11-30T10:01:41","guid":{"rendered":"http:\/\/argentinamunicipal.com.ar\/argentina\/?p=70353"},"modified":"2017-11-30T07:01:41","modified_gmt":"2017-11-30T10:01:41","slug":"coronel-suarez-los-municipales-marcharon-una-suba-salarial","status":"publish","type":"post","link":"http:\/\/argentinamunicipal.com.ar\/argentina\/coronel-suarez-los-municipales-marcharon-una-suba-salarial\/","title":{"rendered":"Coronel Su\u00e1rez: los municipales marcharon por una suba salarial"},"content":{"rendered":"<p>Rechazan el 10% que les ofreci\u00f3 el Ejecutivo, dividido en partes iguales para diciembre y enero. Los servicios contin\u00faan resentidos por el paro de actividades.<\/p>\n<p>En el marco de las medidas de fuerza que vienen realizando, los trabajadores municipales de Coronel Su\u00e1rez marcharon hoy por las calles de la ciudad en reclamo de una recomposici\u00f3n salarial que supere el 10% ofrecido por el Ejecutivo.<\/p>\n<p>Luego de partir del corral\u00f3n, los empleados -liderados por los integrantes de la comisi\u00f3n directiva del Sindicato de Trabajadores Municipales-, marcharon rumbo al Hospital Municipal Dr. Ra\u00fal Caccavo y, desde all\u00ed, a la plaza San Mart\u00edn, frente a la Municipalidad.<\/p>\n<p>All\u00ed exigieron una oferta que supere a la \u00faltima elevada por el Ejecutivo, que consiste en una suba del 5% para diciembre y otra similar para enero.<\/p>\n<p>Los trabajadores adujeron que la propuesta oficial no alcanza para contrarrestar el fuerte impacto del incremento en las tarifas en el costo de vida, y recordaron que los agentes de las categor\u00edas m\u00e1s bajas no llegan al salario m\u00ednimo, vital y m\u00f3vil.<\/p>\n<p>Es por ello que piden un 30% de recomposici\u00f3n salarial para el segundo semestre del a\u00f1o.<\/p>\n<p>Mar\u00eda Jos\u00e9 Lacoste, secretaria adjunta del STM, dijo que esperan una convocatoria de los funcionarios para continuar negociando.<\/p>\n<p>\u201cLa votaci\u00f3n de la asamblea fue desestimar ese ofrecimiento (el 10%), para poder recomponer el salario ante la realidad que estamos viviendo. Hoy por moci\u00f3n de la asamblea volvimos a salir a la calle para traerle al intendente (Roberto Palacio) el pedido real de los trabajadores\u201d, sostuvo.<\/p>\n<p>Lacoste record\u00f3 que los trabajadores exigen que las negociaciones partan de un piso m\u00ednimo del 15%.<\/p>\n<p>\u201cNo queremos parar los servicios -asegur\u00f3-. El conflicto lleva ya 80 d\u00edas, y hace m\u00e1s de 10 que estamos con medidas de acci\u00f3n directa para manifestar nuestro malestar\u201d.<\/p>\n<p><strong>Denunciaron \u201cpr\u00e1cticas desleales\u201d<\/strong><\/p>\n<p>Rub\u00e9n Allende, secretario general del STM, dijo que denunciaron ante el ministerio de Trabajo \u201clas pr\u00e1cticas desleales del Ejecutivo\u201d, el cual -asegur\u00f3- solicit\u00f3 \u201cuna lista de las personas adheridas al paro\u201d.<\/p>\n<p>\u201cEste es un reclamo colectivo; no se puede individualizar\u201d, remarc\u00f3.<\/p>\n<p>\u201cHacemos responsable al intendente de las acciones tomadas -a\u00f1adi\u00f3-. Es una decisi\u00f3n pol\u00edtica del intendente terminar con el conflicto, ya que la \u00faltima oferta no satisface las necesidades de los trabajadores que se vieron abrumados por el aumento de tarifas\u201d.<\/p>\n<p>Tambi\u00e9n ratific\u00f3 que los trabajadores permanecer\u00e1n en estado de alerta, movilizaci\u00f3n, y asamblea permanente, as\u00ed como el paro de actividades -con guardias m\u00ednimas en los servicios b\u00e1sicos- hasta ma\u00f1ana.<\/p>\n<h6>Fuente: La Nueva<\/h6>\n","protected":false},"excerpt":{"rendered":"<p>Rechazan el 10% que les ofreci\u00f3 el Ejecutivo, dividido en partes iguales para diciembre y enero. Los servicios contin\u00faan resentidos por el paro de actividades.<\/p>\n","protected":false},"author":2,"featured_media":70354,"comment_status":"closed","ping_status":"closed","sticky":false,"template":"","format":"standard","meta":{"footnotes":""},"categories":[7],"tags":[12],"class_list":["post-70353","post","type-post","status-publish","format-standard","has-post-thumbnail","hentry","category-informe-sindical","tag-buenos-aires"],"_links":{"self":[{"href":"http:\/\/argentinamunicipal.com.ar\/argentina\/wp-json\/wp\/v2\/posts\/70353","targetHints":{"allow":["GET"]}}],"collection":[{"href":"http:\/\/argentinamunicipal.com.ar\/argentina\/wp-json\/wp\/v2\/posts"}],"about":[{"href":"http:\/\/argentinamunicipal.com.ar\/argentina\/wp-json\/wp\/v2\/types\/post"}],"author":[{"embeddable":true,"href":"http:\/\/argentinamunicipal.com.ar\/argentina\/wp-json\/wp\/v2\/users\/2"}],"replies":[{"embeddable":true,"href":"http:\/\/argentinamunicipal.com.ar\/argentina\/wp-json\/wp\/v2\/comments?post=70353"}],"version-history":[{"count":0,"href":"http:\/\/argentinamunicipal.com.ar\/argentina\/wp-json\/wp\/v2\/posts\/70353\/revisions"}],"wp:featuredmedia":[{"embeddable":true,"href":"http:\/\/argentinamunicipal.com.ar\/argentina\/wp-json\/wp\/v2\/media\/70354"}],"wp:attachment":[{"href":"http:\/\/argentinamunicipal.com.ar\/argentina\/wp-json\/wp\/v2\/media?parent=70353"}],"wp:term":[{"taxonomy":"category","embeddable":true,"href":"http:\/\/argentinamunicipal.com.ar\/argentina\/wp-json\/wp\/v2\/categories?post=70353"},{"taxonomy":"post_tag","embeddable":true,"href":"http:\/\/argentinamunicipal.com.ar\/argentina\/wp-json\/wp\/v2\/tags?post=70353"}],"curies":[{"name":"wp","href":"https:\/\/api.w.org\/{rel}","templated":true}]}}