{"id":70356,"date":"2017-11-30T07:08:57","date_gmt":"2017-11-30T10:08:57","guid":{"rendered":"http:\/\/argentinamunicipal.com.ar\/argentina\/?p=70356"},"modified":"2017-11-30T07:08:57","modified_gmt":"2017-11-30T10:08:57","slug":"en-plan-de-lucha","status":"publish","type":"post","link":"http:\/\/argentinamunicipal.com.ar\/argentina\/en-plan-de-lucha\/","title":{"rendered":"En plan de lucha"},"content":{"rendered":"<p>La masiva movilizaci\u00f3n que realiz\u00f3 un conglomerado de sindicatos y organizaciones sociales frente al Congreso para rechazar las reformas previsional, fiscal y laboral demostr\u00f3 que son las organizaciones gremiales las que hoy est\u00e1n en condiciones de sacar a la calle sus afiliados para enfrentar las pol\u00edticas neoliberales que busca imponer el gobierno de Cambiemos. La marcha, policrom\u00e1tica por donde se la mire, fue necesaria para que comience la construcci\u00f3n de un \u201cfront\u00f3n\u201d, como lo defini\u00f3 el bancario Sergio Palazzo, contra el macrismo y aquellos opositores que se muestran demasiado amigables con el Gobierno. Tal vez, y s\u00f3lo por ahora, no logre modificar la estrategia de la conducci\u00f3n de la CGT, m\u00e1s proclive al di\u00e1logo y la negociaci\u00f3n pero encendi\u00f3 una luz de alerta. Los que manejan los hilos de la central obrera consideran que lo de ayer tiene un condimento \u00e9pico pero que no es suficiente ya que lo que est\u00e1 faltando es un correlato partidario o frentista que estos repudios y rechazos se trasladen, por caso, a la arena legislativa.<\/p>\n<p>Si la marcha de ayer que organizaron la Corriente Federal de los Trabajadores (CFT), las dos CTA, organizaciones sociales y el camionero Pablo Moyano tuvo algo de \u00e9pico no es para nada malo. En todo caso, es justificablemente necesario que haya un sector de la dirigencia gremial que acate el reclamo de sus bases y se exprese en contra de estos proyectos legislativos y que sean un claro mensaje tanto para el gobierno como para los gobernadores y legisladores opositores.<\/p>\n<p>En la marcha hubo una gran cantidad de cuerpos de delegados, comisiones internas, militantes de base sindical y social y muchos j\u00f3venes. Es una se\u00f1al que deben tomarla en cuenta aquellos que no fueron de la partida porque ese malestar no es exclusivo de los que marcharon sino que tambi\u00e9n se disemina entre aquellos gremios que forman parte, por ejemplo, del Consejo Directivo dela CGT. Al fin y al cabo, la aprobaci\u00f3n de la reforma previsional y fiscal no har\u00e1 distingos entre los que ayer se manifestaron y lo que no fueron o no comparten esta estrategia.<\/p>\n<p>En ese sentido, en la CFT consideran que la multitud congregada frente al Congreso busc\u00f3 enviar un mensaje para la oposici\u00f3n que dice que no va a admitir \u201cque roben a los jubilados, a los m\u00e1s pobres, a los trabajadores lo que necesitamos para vivir, menos si es para sostener un esquema econ\u00f3mico\u201d incapaz de mantenerse si no es a trav\u00e9s del endeudamiento externo.<\/p>\n<p>Lo de ayer fue un comienzo como lo se\u00f1alaron tanto Palazzo, Hugo Yasky, Pablo Micheli y en menor medida Pablo Moyano. Los tres primeros advirtieron que en los pr\u00f3ximos d\u00edas se elaborar\u00e1 un plan de lucha que incluir\u00e1 nuevas movilizaciones si las reformas previsional y fiscal superan, como se prev\u00e9, el escollo denominado Senado y deber\u00e1n tratarlas los diputados. Pero tambi\u00e9n se\u00f1alaron la necesidad de generar una gran CGT donde se incluyan a todas las expresiones sindicales, como por ejemplo las dos CTA, para poder frenar el modelo pol\u00edtico-econ\u00f3mico.<\/p>\n<p>El mensaje que puede entenderse como un llamamiento a la conducci\u00f3n de la CGT a unir fuerzas y sumar masa cr\u00edtica, pero tambi\u00e9n puede ser tomada como una advertencia de la posibilidad de conformar otra CGT si con la actual conducci\u00f3n, cuyos miembros fueron calificados en los discursos como \u201ccompa\u00f1eros equivocados\u201d, no se concreta un acuerdo de unidad.<\/p>\n<p>Con los senadores no fueron tan piadosos. Yasky les advirti\u00f3 que \u201cel que levante la mano en contra de los jubilados va a salir publicado con foto y fecha de nacimiento\u201d, dijo y lo justific\u00f3 en que este tema no forma parte del \u201cmandato que le dieron a los senadores que implica sacarle cien mil millones de pesos a los jubilados\u201d. Palazzo le pidi\u00f3 a los senadores \u201cque no se conviertan en un mercado persa o en un club del trueque\u201d. Moyano se concentr\u00f3 en definir al Gobierno como \u201cdisc\u00edpulo de (Domingo) Cavallo\u201d.<\/p>\n<p>Desde el lado del triunvirato consideran que los organizadores de la marcha tuvieron \u201cmucho de \u00e9pico y poco de estrategia\u201d. Sin entrar a valorar la cantidad de participantes, consideraron que las organizaciones gremiales que realizaron la marcha buscaron \u201cerigirse como los jefes de la resistencia\u201d pero remarcaron que el distanciarse y pelearse con gobernadores y legisladores est\u00e1 lejos de ser positivo porque \u201cdebilita\u201d a todos por igual. En lo que coinciden es que son los sindicatos los \u00fanicos que tienen hoy capacidad de movilizaci\u00f3n aunque indican que el flanco d\u00e9bil est\u00e1 en la ausencia de un correlato pol\u00edtico de esta fortaleza hoy exclusivamente gremial. Por ejemplo, no creen que la fuerza pol\u00edtica de Cristina Kirchner pueda representarlos, sobre todo porque afirman que ella no evit\u00f3 que la gobernadora de Santa Cruz, Alicia Kirchner, firmara el pacto fiscal que impuso el gobierno nacional. \u201cNo hay anclaje pol\u00edtico\u201d, insisten y por eso se recuestan en una estrategia m\u00e1s dialoguista y entienden que el Gobierno ha ingresado en \u201cun cuello de botella fiscal\u201d porque el cr\u00e9dito externo ingres\u00f3 en una etapa de disminuci\u00f3n cr\u00edtica. Entonces, para este grupo, golpear con fuerza al gobierno central puede terminar afectando a los gobernadores que son peronistas como ellos.<\/p>\n<p>Al mismo tiempo en el triunvirato destacan que en la marcha de ayer hubo se\u00f1ales inequ\u00edvocas de \u201chipocres\u00eda\u201d entre algunos de los organizadores. No hay tanto misterio, sus dedos acusan a Pablo Moyano. Advierten que la columna camionera fue un tanto escu\u00e1lida fruto de la inminencia de la resoluci\u00f3n de uno de los temas que m\u00e1s preocupa a Hugo Moyano: el caso OCA. Ayer se conoci\u00f3 que el Gobierno le renovar\u00eda el permiso postal para la empresa cuya propiedad se la endilgan al veterano camionero.<\/p>\n<h6>Fuente: P\u00e1gina 12<\/h6>\n","protected":false},"excerpt":{"rendered":"<p>La masiva movilizaci\u00f3n que realiz\u00f3 un conglomerado de sindicatos y organizaciones sociales frente al Congreso para rechazar las reformas previsional, fiscal y laboral <\/p>\n","protected":false},"author":2,"featured_media":70357,"comment_status":"closed","ping_status":"closed","sticky":false,"template":"","format":"standard","meta":{"footnotes":""},"categories":[8],"tags":[21],"class_list":["post-70356","post","type-post","status-publish","format-standard","has-post-thumbnail","hentry","category-informe-nacional","tag-argentina"],"_links":{"self":[{"href":"http:\/\/argentinamunicipal.com.ar\/argentina\/wp-json\/wp\/v2\/posts\/70356","targetHints":{"allow":["GET"]}}],"collection":[{"href":"http:\/\/argentinamunicipal.com.ar\/argentina\/wp-json\/wp\/v2\/posts"}],"about":[{"href":"http:\/\/argentinamunicipal.com.ar\/argentina\/wp-json\/wp\/v2\/types\/post"}],"author":[{"embeddable":true,"href":"http:\/\/argentinamunicipal.com.ar\/argentina\/wp-json\/wp\/v2\/users\/2"}],"replies":[{"embeddable":true,"href":"http:\/\/argentinamunicipal.com.ar\/argentina\/wp-json\/wp\/v2\/comments?post=70356"}],"version-history":[{"count":0,"href":"http:\/\/argentinamunicipal.com.ar\/argentina\/wp-json\/wp\/v2\/posts\/70356\/revisions"}],"wp:featuredmedia":[{"embeddable":true,"href":"http:\/\/argentinamunicipal.com.ar\/argentina\/wp-json\/wp\/v2\/media\/70357"}],"wp:attachment":[{"href":"http:\/\/argentinamunicipal.com.ar\/argentina\/wp-json\/wp\/v2\/media?parent=70356"}],"wp:term":[{"taxonomy":"category","embeddable":true,"href":"http:\/\/argentinamunicipal.com.ar\/argentina\/wp-json\/wp\/v2\/categories?post=70356"},{"taxonomy":"post_tag","embeddable":true,"href":"http:\/\/argentinamunicipal.com.ar\/argentina\/wp-json\/wp\/v2\/tags?post=70356"}],"curies":[{"name":"wp","href":"https:\/\/api.w.org\/{rel}","templated":true}]}}