{"id":70359,"date":"2017-11-30T07:15:52","date_gmt":"2017-11-30T10:15:52","guid":{"rendered":"http:\/\/argentinamunicipal.com.ar\/argentina\/?p=70359"},"modified":"2017-11-30T07:15:52","modified_gmt":"2017-11-30T10:15:52","slug":"segun-intendente-mar-del-plata-se-volveria-postergar-la-presentacion-del-presupuesto","status":"publish","type":"post","link":"http:\/\/argentinamunicipal.com.ar\/argentina\/segun-intendente-mar-del-plata-se-volveria-postergar-la-presentacion-del-presupuesto\/","title":{"rendered":"Seg\u00fan\u00a0el intendente de Mar del Plata se volver\u00eda a postergar la presentaci\u00f3n del presupuesto"},"content":{"rendered":"<p>El intendente dijo que su gobierno eval\u00faa pedir una nueva pr\u00f3rroga para elevarle al Concejo el c\u00e1lculo de gastos y de recursos de 2018. Adem\u00e1s no descart\u00f3 volver a declarar el estado de emergencia econ\u00f3mica de la Municipalidad.<\/p>\n<p>El intendente Carlos Arroyo admiti\u00f3 que su gobierno podr\u00eda solicitar una nueva pr\u00f3rroga para presentar el proyecto del presupuesto municipal, el cual seg\u00fan los plazos actualmente previstos, deber\u00eda ser elevado al Concejo Deliberante este jueves.<\/p>\n<p>En declaraciones a la prensa el jefe comunal reconoci\u00f3 que la Secretar\u00eda de Econom\u00eda y Hacienda a\u00fan no concluy\u00f3 con la elaboraci\u00f3n del c\u00e1lculo de gastos y de recursos del pr\u00f3ximo ejercicio, por lo que es probable que en las pr\u00f3ximas horas el Ejecutivo solicite ampliar el plazo para su presentaci\u00f3n.<\/p>\n<p>Seg\u00fan la Ley Org\u00e1nica de las Municipalidades, tanto el presupuesto como los proyectos de las ordenanzas fiscal e impositiva, deben ser elevados al Concejo antes del 31 de octubre de cada a\u00f1o. No obstante en esta oportunidad la gesti\u00f3n de Arroyo solicit\u00f3 una pr\u00f3rroga, la cual vencer\u00e1 este jueves 30 de noviembre.<\/p>\n<p>\u201cPosiblemente haya una nueva postergaci\u00f3n\u201d, adelant\u00f3 el intendente ante algunos periodistas, mientras visitaba el barrio Faro Norte, donde est\u00e1n siendo ejecutadas algunas obras de pavimentaci\u00f3n.<\/p>\n<p>Adem\u00e1s de eso Arroyo no descart\u00f3 la posibilidad de que el secretario de Econom\u00eda, Hern\u00e1n Mourelle, impulse la declaraci\u00f3n de una nueva \u201cemergencia econ\u00f3mica\u201d para contar as\u00ed con herramientas que le permitan afrontar los serios inconvenientes presupuestarios de la comuna.<\/p>\n<h6>Fuente: La Capital Mar del Plata<\/h6>\n","protected":false},"excerpt":{"rendered":"<p>El intendente dijo que su gobierno eval\u00faa pedir una nueva pr\u00f3rroga para elevarle al Concejo el c\u00e1lculo de gastos y de recursos de 2018. Adem\u00e1s no descart\u00f3 volver a declarar el estado de emergencia econ\u00f3mica de la Municipalidad.<\/p>\n","protected":false},"author":2,"featured_media":70360,"comment_status":"closed","ping_status":"closed","sticky":false,"template":"","format":"standard","meta":{"footnotes":""},"categories":[5],"tags":[12],"class_list":["post-70359","post","type-post","status-publish","format-standard","has-post-thumbnail","hentry","category-informe-economico","tag-buenos-aires"],"_links":{"self":[{"href":"http:\/\/argentinamunicipal.com.ar\/argentina\/wp-json\/wp\/v2\/posts\/70359","targetHints":{"allow":["GET"]}}],"collection":[{"href":"http:\/\/argentinamunicipal.com.ar\/argentina\/wp-json\/wp\/v2\/posts"}],"about":[{"href":"http:\/\/argentinamunicipal.com.ar\/argentina\/wp-json\/wp\/v2\/types\/post"}],"author":[{"embeddable":true,"href":"http:\/\/argentinamunicipal.com.ar\/argentina\/wp-json\/wp\/v2\/users\/2"}],"replies":[{"embeddable":true,"href":"http:\/\/argentinamunicipal.com.ar\/argentina\/wp-json\/wp\/v2\/comments?post=70359"}],"version-history":[{"count":0,"href":"http:\/\/argentinamunicipal.com.ar\/argentina\/wp-json\/wp\/v2\/posts\/70359\/revisions"}],"wp:featuredmedia":[{"embeddable":true,"href":"http:\/\/argentinamunicipal.com.ar\/argentina\/wp-json\/wp\/v2\/media\/70360"}],"wp:attachment":[{"href":"http:\/\/argentinamunicipal.com.ar\/argentina\/wp-json\/wp\/v2\/media?parent=70359"}],"wp:term":[{"taxonomy":"category","embeddable":true,"href":"http:\/\/argentinamunicipal.com.ar\/argentina\/wp-json\/wp\/v2\/categories?post=70359"},{"taxonomy":"post_tag","embeddable":true,"href":"http:\/\/argentinamunicipal.com.ar\/argentina\/wp-json\/wp\/v2\/tags?post=70359"}],"curies":[{"name":"wp","href":"https:\/\/api.w.org\/{rel}","templated":true}]}}