{"id":70366,"date":"2017-11-30T06:00:55","date_gmt":"2017-11-30T09:00:55","guid":{"rendered":"http:\/\/argentinamunicipal.com.ar\/argentina\/?p=70366"},"modified":"2017-11-30T07:28:18","modified_gmt":"2017-11-30T10:28:18","slug":"fabricas-de-desempleo","status":"publish","type":"post","link":"http:\/\/argentinamunicipal.com.ar\/argentina\/fabricas-de-desempleo\/","title":{"rendered":"F\u00e1bricas de desempleo"},"content":{"rendered":"<p>El sector fabril destruy\u00f3 puestos de trabajo en 18 de 22 meses de gobierno de Macri. En septiembre hay 27 mil empleos industriales menos que en igual mes de 2016.<\/p>\n<p>La industria no para de destruir empleo. En septiembre se perdieron 2100 puestos de trabajo que en la medici\u00f3n sin estacionalidad arroja una contracci\u00f3n de 3100 empleos en el sector. Cuando se comparan los datos con el mismo mes del a\u00f1o pasado la ca\u00edda alcanza hasta las 27.000 posiciones, una p\u00e9rdida equivalente al 2,2 por ciento del empleo en esas actividades. La baja en la producci\u00f3n fabril acumulada desde el recambio de Gobierno arroja una retracci\u00f3n de 67.940 puestos de acuerdo a los registros administrativos del Sistema Integrado Previsional Argentino (SIPA). El crecimiento en las importaciones de bienes de consumo, la estancada demanda interna, las subas de tarifas y las nuevas formas de intervenci\u00f3n estatal en los conflictos laborales son algunos de los factores que explican el desempe\u00f1o de la ocupaci\u00f3n manufacturera desde finales de 2015. Textiles, confecciones, cuero, calzado, electr\u00f3nica y qu\u00edmica son algunos de los sectores afectados.<\/p>\n<p>Las estad\u00edsticas difundidas ayer por el Ministerio de Trabajo muestran, no obstante, una mejora en los niveles de empleo total. Los informes dan cuenta de la creaci\u00f3n de 38.100 puestos en septiembre de los cuales 8100 corresponden a asalariados del sector privado. El resto de la mejora se explica por la incorporaci\u00f3n de 12.700 nuevos monotributistas, 6400 empleados p\u00fablicos y 10.500 monotributistas sociales. La din\u00e1mica presentada por las cifras oficiales da cuenta del deterioro en la calidad del empleo donde la destrucci\u00f3n de empleo en la industria es compensada con trabajo precario y de menor remuneraci\u00f3n. La experiencia hist\u00f3rica revela que las transformaciones sobre el universo laboral que propuso el Gobierno en sus reformas no son acompa\u00f1adas por un proceso de creaci\u00f3n de empleo.<\/p>\n<p>El desempe\u00f1o es similar en la comparaci\u00f3n interanual donde se registra la creaci\u00f3n de 248 mil puestos. Uno de cada cuatro de esos empleos corresponde a monotributistas sociales. No se trata de nuevos puestos sino de un proceso de regularizaci\u00f3n de la situaci\u00f3n laboral a trav\u00e9s de esa modalidad. El fen\u00f3meno responde a la decisi\u00f3n del Gobierno de extender la Asignaci\u00f3n Universal por Hijo a ese universo de trabajadores a partir de abril del a\u00f1o pasado. El empleo p\u00fablico da cuenta de 17 por ciento de los empleos creados mientras que los monotributistas anotados en el r\u00e9gimen explican el 33 por ciento de los puestos. As\u00ed 75 de cada 100 empleos creados en septiembre corresponden a posiciones inestables y de bajos ingresos.<\/p>\n<p>Los datos oficiales publicados ayer revelan que la ocupaci\u00f3n manufacturera anot\u00f3 bajas mensuales en dieciocho de los veintid\u00f3s registros publicados desde que Jorge Triaca y Francisco Cabrera se hicieron cargo de las carteras de Trabajo y Producci\u00f3n, respectivamente. Sin embargo, la retracci\u00f3n observada es m\u00e1s que compensada por las mejoras en la construcci\u00f3n. Impulsada por la obra p\u00fablica, la actividad muestra un alza de 5400 puestos en el mes y 46.200 en t\u00e9rminos interanuales. El sector Comercio y reparaciones anot\u00f3 en septiembre una mejora mensual de 1300 puestos y registra una suba frente al mismo per\u00edodo del a\u00f1o pasado de 11.600 empleos. Existen otras tres actividades, adem\u00e1s de la industria, que mostraron bajas contra 2016: Explotaci\u00f3n de minas y canteras con una merma de 3300 posiciones, Agricultura con un retroceso de 800 empleos e Intermediaci\u00f3n Financiera con una baja de 200 puestos.<\/p>\n<p>Las autoridades de Trabajo aseguraron ayer que \u201cla creaci\u00f3n de empleo est\u00e1 estable\u201d. La Encuesta de Indicadores Laborales que ofrece un anticipo para el desempe\u00f1o del empleo privado arroj\u00f3 en octubre una variaci\u00f3n mensual del 0,4 por ciento y un incremento frente al mismo mes del a\u00f1o pasado del 1,6 por ciento. Las mejoras mensuales se observaron en la mayor\u00eda de los aglomerados con excepci\u00f3n de Gran Bah\u00eda Blanca que present\u00f3 una variaci\u00f3n negativa de -0,2 y Gran Mendoza, C\u00f3rdoba y Jujuy que no mostraron cambios. En t\u00e9rminos interanuales el incremento alcanz\u00f3 a todos los aglomerados y est\u00e1 explicado por el crecimiento en Gran Buenos Aires (1,2).<\/p>\n<h6>Fuente: Pagina 12<\/h6>\n","protected":false},"excerpt":{"rendered":"<p>El sector fabril destruy\u00f3 puestos de trabajo en 18 de 22 meses de gobierno de Macri. En septiembre hay 27 mil empleos industriales menos que en igual mes de 2016.<\/p>\n","protected":false},"author":2,"featured_media":70367,"comment_status":"closed","ping_status":"closed","sticky":false,"template":"","format":"standard","meta":{"footnotes":""},"categories":[8],"tags":[21],"class_list":["post-70366","post","type-post","status-publish","format-standard","has-post-thumbnail","hentry","category-informe-nacional","tag-argentina"],"_links":{"self":[{"href":"http:\/\/argentinamunicipal.com.ar\/argentina\/wp-json\/wp\/v2\/posts\/70366","targetHints":{"allow":["GET"]}}],"collection":[{"href":"http:\/\/argentinamunicipal.com.ar\/argentina\/wp-json\/wp\/v2\/posts"}],"about":[{"href":"http:\/\/argentinamunicipal.com.ar\/argentina\/wp-json\/wp\/v2\/types\/post"}],"author":[{"embeddable":true,"href":"http:\/\/argentinamunicipal.com.ar\/argentina\/wp-json\/wp\/v2\/users\/2"}],"replies":[{"embeddable":true,"href":"http:\/\/argentinamunicipal.com.ar\/argentina\/wp-json\/wp\/v2\/comments?post=70366"}],"version-history":[{"count":0,"href":"http:\/\/argentinamunicipal.com.ar\/argentina\/wp-json\/wp\/v2\/posts\/70366\/revisions"}],"wp:featuredmedia":[{"embeddable":true,"href":"http:\/\/argentinamunicipal.com.ar\/argentina\/wp-json\/wp\/v2\/media\/70367"}],"wp:attachment":[{"href":"http:\/\/argentinamunicipal.com.ar\/argentina\/wp-json\/wp\/v2\/media?parent=70366"}],"wp:term":[{"taxonomy":"category","embeddable":true,"href":"http:\/\/argentinamunicipal.com.ar\/argentina\/wp-json\/wp\/v2\/categories?post=70366"},{"taxonomy":"post_tag","embeddable":true,"href":"http:\/\/argentinamunicipal.com.ar\/argentina\/wp-json\/wp\/v2\/tags?post=70366"}],"curies":[{"name":"wp","href":"https:\/\/api.w.org\/{rel}","templated":true}]}}