{"id":70376,"date":"2017-11-30T07:38:38","date_gmt":"2017-11-30T10:38:38","guid":{"rendered":"http:\/\/argentinamunicipal.com.ar\/argentina\/?p=70376"},"modified":"2017-11-30T07:38:38","modified_gmt":"2017-11-30T10:38:38","slug":"sueldos-dietas-secretarias-gasto-politico-la-lupa-reconquista","status":"publish","type":"post","link":"http:\/\/argentinamunicipal.com.ar\/argentina\/sueldos-dietas-secretarias-gasto-politico-la-lupa-reconquista\/","title":{"rendered":"Sueldos, dietas y secretar\u00edas: el gasto pol\u00edtico bajo la lupa en Reconquista"},"content":{"rendered":"<p>El Ejecutivo reducir\u00eda en m\u00e1s del 50% la estructura de gabinete. Las erogaciones funcionales se recortar\u00edan dr\u00e1sticamente. Al mismo tiempo, en el Concejo se debate achicar vi\u00e1ticos y dietas. El centro comercial pidi\u00f3 que la pol\u00edtica \u201cd\u00e9 el ejemplo\u201d.<\/p>\n<p>Por estos d\u00edas, el debate sobre el gasto pol\u00edtico del municipio de Reconquista en el conjunto de poderes que lo integran crece a ritmo sostenido. Con partidas que irremediablemente se agotan a esta altura del a\u00f1o, la inminencia de la llegada del fin del a\u00f1o -con sueldos y aguinaldos a pagar- y el aumento de los costos operativos para prestar servicios esenciales, el Ejecutivo local avanza en primer lugar en el redimensionamiento de su estructura funcional.<\/p>\n<p>Aunque por el momento la informaci\u00f3n se maneja con cautela dentro del gobierno reconquistense, El Litoral pudo saber de fuentes inmejorables que hay decisi\u00f3n pol\u00edtica firme de reducir las secretar\u00edas en m\u00e1s del 50%.<\/p>\n<p>Hoy por hoy, son diez las reparticiones con rango de gabinete que vertebran el esquema gubernamental, pero a partir del primer d\u00eda de 2018 quedar\u00edan reducidas a 4 \u00f3 5 en el mejor de los casos.<\/p>\n<p>Seg\u00fan el dato recogido, el nuevo diagrama contemplar\u00eda la mantenci\u00f3n de los programas sociales en marcha, la prestaci\u00f3n de los servicios p\u00fablicos sin alteraciones, el seguimiento de las obras p\u00fablicas en marcha, la profundizaci\u00f3n de las acciones de control del tr\u00e1nsito. Y poco m\u00e1s que eso.<\/p>\n<p>La dr\u00e1stica medida responde a la necesidad, imperiosa por cierto, de racionalizar el gasto pol\u00edtico, y optimizarlo de acuerdo a los tiempos que corren. \u201cEs \u00e9poca de recortes y ajustes, ya lo plante\u00f3 el gobierno nacional, y la provincia va en el mismo sentido; nosotros, como municipio no podemos m\u00e1s que advertir lo que se viene para 2018 y actuar en consecuencia\u201d, confirmaron desde el despacho de la intendencia.<\/p>\n<p>Cuidar los fondos<\/p>\n<p>Por el mismo sentido parece querer circular la bancada de Cambiemos en el Concejo. Quien expres\u00f3 con claridad la cuesti\u00f3n fue el edil Juan Manuel Andrade en una entrevista con el decano de la prensa gr\u00e1fica local, el semanario Edici\u00f3n 4.<\/p>\n<p>Andrade sostuvo, ante reclamo del Centro Industrial y Comercial para que el Concejo no se aproveche de las paritarias municipales para incrementar sus dietas, que \u201cen t\u00e9rminos generales celebramos la participaci\u00f3n ciudadana del Centro Industrial y Comercial que incorpora desde lo privado, el inter\u00e9s por problemas p\u00fablicos como los manejo de los fondos municipales y el Concejo\u201d.<\/p>\n<p>El concejal indic\u00f3 respecto del presupuesto del Concejo que \u201cpodemos bajar el gasto operativo del Concejo, que en sus gastos se presupone por ah\u00ed m\u00e1s de lo que se ejecuta, pero creo que no hay que tener miedo y bajar algunos gastos como es el caso de los vi\u00e1ticos. Creo que hay que hacer como en la casa de cada uno, cuidar bien los recursos, y servir con los recursos que se tiene; y si se tiene menos, servir igual que antes\u201d.<\/p>\n<p>Insisti\u00f3 con que \u201ctenemos que empezar a manejar los recursos del Estado, porque pretendemos que haya menos gasto corriente y cada vez m\u00e1s inversi\u00f3n en capital, obras, maquinarias. Uno tiene que cuidar los fondos, y como cada familia se arremanga y hace que cada centavo valga, nosotros desde lo p\u00fablico debemos hacer exactamente lo mismo\u201d.<\/p>\n<p>En la semana presentamos dos proyectos de adhesi\u00f3n, uno es de acceso a la informaci\u00f3n p\u00fablica, pasar del sistema actual para hacer un sistema m\u00e1s abierto; y el otro es la adhesi\u00f3n a la ley provincial 12.065, sobre todo porque fija un l\u00edmite en el gasto respecto del Concejo, dijo Andrade. \u201cAmbos proyectos tienen estado parlamentario en la comisi\u00f3n de Gobierno\u201d, complet\u00f3.<\/p>\n<p>Dar el ejemplo<\/p>\n<p>A principios de mes, el Centro Comercial e Industrial de Reconquista hab\u00eda sentado posici\u00f3n en relaci\u00f3n a \u201ccuestiones referentes a transferencia de la informaci\u00f3n y cuidado de los recursos p\u00fablicos, as\u00ed como en promover el empleo digno y formal\u201d para lo cual inst\u00f3 a la pol\u00edtica local a \u201cdar el ejemplo\u201d.<\/p>\n<p>En un comunicado, la entidad requiri\u00f3 avances en Gobierno Abierto con el uso de tecnolog\u00edas que permitan publicar los ingresos y gastos del municipio en tiempo real, fomentar el control participativo de la ejecuci\u00f3n presupuestaria junto a Instituciones y organizaciones no gubernamentales.<\/p>\n<p>Asimismo, pidi\u00f3 poder conocer en detalle el total de gastos en personal en todas sus formas de contrataci\u00f3n (permanente, precarizado, temporarios, monotributistas, cooperativas, etc\u00e9tera) y hacer de la rendici\u00f3n de cuentas un ejercicio habitual y sistematizado.<\/p>\n<p>En esa l\u00ednea, exhort\u00f3 al Honorable Concejo Municipal a derogar la ordenanza de ajuste autom\u00e1tico de dietas y gastos de representaci\u00f3n de los concejales y sus asesores y a debatir \u201csi es justo que un concejal de Reconquista gane casi el doble que uno de Avellaneda y casi 10 veces m\u00e1s que un trabajador precarizado del municipio. Con el ajuste autom\u00e1tico por paritarias esta brecha salarial se hace eterna\u201d.<\/p>\n<p>En tanto, sobre el cobro del Derecho de Registro e Inspecci\u00f3n la entidad apunt\u00f3 que los que pagan este tributo no reciben ninguna contraprestaci\u00f3n a cambio, y que por lo menos \u201cdeber\u00eda utilizarse para combatir la evasi\u00f3n y el comercio ilegal a trav\u00e9s de acciones concretas en conjunto con organismos nacionales y provinciales\u201d.<\/p>\n<h6>Fuetne: El Litoral<\/h6>\n","protected":false},"excerpt":{"rendered":"<p>El Ejecutivo reducir\u00eda en m\u00e1s del 50% la estructura de gabinete. Las erogaciones funcionales se recortar\u00edan dr\u00e1sticamente. Al mismo tiempo, en el Concejo se debate achicar vi\u00e1ticos y dietas.<\/p>\n","protected":false},"author":2,"featured_media":70377,"comment_status":"closed","ping_status":"closed","sticky":false,"template":"","format":"standard","meta":{"footnotes":""},"categories":[4],"tags":[10],"class_list":["post-70376","post","type-post","status-publish","format-standard","has-post-thumbnail","hentry","category-informe-politico","tag-santa-fe"],"_links":{"self":[{"href":"http:\/\/argentinamunicipal.com.ar\/argentina\/wp-json\/wp\/v2\/posts\/70376","targetHints":{"allow":["GET"]}}],"collection":[{"href":"http:\/\/argentinamunicipal.com.ar\/argentina\/wp-json\/wp\/v2\/posts"}],"about":[{"href":"http:\/\/argentinamunicipal.com.ar\/argentina\/wp-json\/wp\/v2\/types\/post"}],"author":[{"embeddable":true,"href":"http:\/\/argentinamunicipal.com.ar\/argentina\/wp-json\/wp\/v2\/users\/2"}],"replies":[{"embeddable":true,"href":"http:\/\/argentinamunicipal.com.ar\/argentina\/wp-json\/wp\/v2\/comments?post=70376"}],"version-history":[{"count":0,"href":"http:\/\/argentinamunicipal.com.ar\/argentina\/wp-json\/wp\/v2\/posts\/70376\/revisions"}],"wp:featuredmedia":[{"embeddable":true,"href":"http:\/\/argentinamunicipal.com.ar\/argentina\/wp-json\/wp\/v2\/media\/70377"}],"wp:attachment":[{"href":"http:\/\/argentinamunicipal.com.ar\/argentina\/wp-json\/wp\/v2\/media?parent=70376"}],"wp:term":[{"taxonomy":"category","embeddable":true,"href":"http:\/\/argentinamunicipal.com.ar\/argentina\/wp-json\/wp\/v2\/categories?post=70376"},{"taxonomy":"post_tag","embeddable":true,"href":"http:\/\/argentinamunicipal.com.ar\/argentina\/wp-json\/wp\/v2\/tags?post=70376"}],"curies":[{"name":"wp","href":"https:\/\/api.w.org\/{rel}","templated":true}]}}