{"id":70382,"date":"2017-11-30T07:44:37","date_gmt":"2017-11-30T10:44:37","guid":{"rendered":"http:\/\/argentinamunicipal.com.ar\/argentina\/?p=70382"},"modified":"2017-11-30T07:44:37","modified_gmt":"2017-11-30T10:44:37","slug":"brasil-temer-pierde-principal-socio-gobierno","status":"publish","type":"post","link":"http:\/\/argentinamunicipal.com.ar\/argentina\/brasil-temer-pierde-principal-socio-gobierno\/","title":{"rendered":"Brasil: Temer pierde a su principal socio de gobierno"},"content":{"rendered":"<p>El partido del ex presidente brasile\u00f1o Fernando Henrique Cardoso, principal aliado del gobierno de Michel Temer, dejar\u00e1 de formar parte del actual Ejecutivo.<\/p>\n<p>El partido del ex presidente brasile\u00f1o Fernando Henrique Cardoso, principal aliado del gobierno de Michel Temer, dejar\u00e1 de formar parte del actual Ejecutivo para prepararse con un candidato propio para las elecciones de octubre, postulaci\u00f3n para la que se perfila como favorito el gobernador del Estado de San Pablo, Geraldo Alckmin. \u00abEl Partido de la Social Democracia Brasile\u00f1a (PSDB) no forma m\u00e1s parte de la base del gobierno\u00bb, dijo a periodistas el jefe de gabinete del gobierno, Eliseu Padilha, confirmando el desembarco de los \u00abtucanes\u00bb del Poder Ejecutivo.<\/p>\n<p>La decisi\u00f3n tiene ver con que el gobernador de San Pablo, Alckmin, puso como condici\u00f3n abandonar a Temer para tomar las riendas del partido y posicionarse como precandidato presidencial en octubre de 2018, carrera para la cual cuenta con un 8 por ciento de intenci\u00f3n de voto.<\/p>\n<p><strong>F\u00e9rreo opositor<\/strong><\/p>\n<p>El PSDB era el tradicional opositor del gobierno del Partido de los Trabajadores de Luiz In\u00e1cio Lula da Silva (2003-2010) y Dilma Rousseff (2011-2016) y aport\u00f3 su plan de gobierno el a\u00f1o pasado, cuando respald\u00f3 la asunci\u00f3n de Temer, del Partido del Movimiento de la Democracia Brasile\u00f1a (PMDB). El jefe de gabinete y el propio Alckmin dijeron que pese a la ruptura el PSDB votar\u00e1 a favor de la reforma jubilatoria, as\u00ed como lo hizo con la reforma laboral y la enmienda constitucional que congel\u00f3 por 20 a\u00f1os el techo del gasto p\u00fablico. El propio Cardoso (1995-2002), luego de haber respaldado desde el inicio a Temer, anunci\u00f3 que ya no tiene sentido seguir en el gobierno actual cuando se busca un candidato propio en octubre. \u00abNo necesitamos de una fecha para salir del gobierno. El PSDB quiere tener candidato a presidente y entonces necesita tener autonom\u00eda, cara propia. Este gobierno es del PMDB. No se rompe del todo porque necesitamos apoyar las reformas\u00bb, dijo Cardoso.<\/p>\n<p>El jefe de gabinete de Temer dijo que el d\u00eda 9 \u2014despu\u00e9s de la primera votaci\u00f3n de la reforma jubilatoria, prevista para el 6\u2014 el PSDB dejar\u00e1 el gobierno. Padilha no descart\u00f3 una alianza con el PSDB para 2018 pero dijo que el PMDB \u2014la fuerza m\u00e1s grande del pa\u00eds\u2014 apoyar\u00e1 a quien \u00abdefienda el legado de Temer\u00bb. El PSDB tiene tres ministerios y apenas el de Exteriores, Aloysio Nunes Ferreira, permanecer\u00eda por una acuerdo personal con el jefe de Estado.<\/p>\n<h6>Fuente: La Capital<\/h6>\n","protected":false},"excerpt":{"rendered":"<p>El partido del ex presidente brasile\u00f1o Fernando Henrique Cardoso, principal aliado del gobierno de Michel Temer, dejar\u00e1 de formar parte del actual Ejecutivo.<\/p>\n","protected":false},"author":2,"featured_media":70383,"comment_status":"closed","ping_status":"closed","sticky":false,"template":"","format":"standard","meta":{"footnotes":""},"categories":[22],"tags":[57],"class_list":["post-70382","post","type-post","status-publish","format-standard","has-post-thumbnail","hentry","category-el-mundo","tag-el-mundo"],"_links":{"self":[{"href":"http:\/\/argentinamunicipal.com.ar\/argentina\/wp-json\/wp\/v2\/posts\/70382","targetHints":{"allow":["GET"]}}],"collection":[{"href":"http:\/\/argentinamunicipal.com.ar\/argentina\/wp-json\/wp\/v2\/posts"}],"about":[{"href":"http:\/\/argentinamunicipal.com.ar\/argentina\/wp-json\/wp\/v2\/types\/post"}],"author":[{"embeddable":true,"href":"http:\/\/argentinamunicipal.com.ar\/argentina\/wp-json\/wp\/v2\/users\/2"}],"replies":[{"embeddable":true,"href":"http:\/\/argentinamunicipal.com.ar\/argentina\/wp-json\/wp\/v2\/comments?post=70382"}],"version-history":[{"count":0,"href":"http:\/\/argentinamunicipal.com.ar\/argentina\/wp-json\/wp\/v2\/posts\/70382\/revisions"}],"wp:featuredmedia":[{"embeddable":true,"href":"http:\/\/argentinamunicipal.com.ar\/argentina\/wp-json\/wp\/v2\/media\/70383"}],"wp:attachment":[{"href":"http:\/\/argentinamunicipal.com.ar\/argentina\/wp-json\/wp\/v2\/media?parent=70382"}],"wp:term":[{"taxonomy":"category","embeddable":true,"href":"http:\/\/argentinamunicipal.com.ar\/argentina\/wp-json\/wp\/v2\/categories?post=70382"},{"taxonomy":"post_tag","embeddable":true,"href":"http:\/\/argentinamunicipal.com.ar\/argentina\/wp-json\/wp\/v2\/tags?post=70382"}],"curies":[{"name":"wp","href":"https:\/\/api.w.org\/{rel}","templated":true}]}}