{"id":70388,"date":"2017-11-30T07:52:37","date_gmt":"2017-11-30T10:52:37","guid":{"rendered":"http:\/\/argentinamunicipal.com.ar\/argentina\/?p=70388"},"modified":"2017-11-30T07:52:37","modified_gmt":"2017-11-30T10:52:37","slug":"intendente-madryn-convocara-intendentes-la-crisis-industrial-la-region","status":"publish","type":"post","link":"http:\/\/argentinamunicipal.com.ar\/argentina\/intendente-madryn-convocara-intendentes-la-crisis-industrial-la-region\/","title":{"rendered":"El intendente de Madryn\u00a0convocar\u00e1 a intendentes por la crisis industrial de la regi\u00f3n"},"content":{"rendered":"<p>El intendente de Puerto Madryn, Ricardo Sastre, admiti\u00f3 su \u201cprofunda preocupaci\u00f3n por lo de Sedamil en Trelew. Confirm\u00f3 que \u201cvoy a convocar a los Intendentes\u201d y luego \u201cdialogaremos con el Gobernador Arcioni para llevarle nuestro punto de vista de la situaci\u00f3n\u201d.<br \/>\nEl cierre de f\u00e1bricas y de distintas firmas en la Provincia ha golpeado la realidad econ\u00f3mica de las ciudades. Pas\u00f3 en Madryn con la ex Alpesca, m\u00e1s ac\u00e1 en el tiempo con Cer\u00e1mica San Lorenzo. Sucede en Comodoro constantemente con la realidad de las Petroleras, y en Trelew se dio con Pepsi, y hace algunas horas con la hist\u00f3rica textil Sedamil.<br \/>\n\u201cLa situaci\u00f3n nos preocupa much\u00edsimo, pero debe ocuparnos al mismo tiempo. Debemos fortalecernos como regi\u00f3n y como Provincia, y buscar herramientas que nos permitan afrontar estas circunstancias con idoneidad\u201d, reflej\u00f3 Sastre.<\/p>\n<p><strong>Evaluar alternativas<\/strong><\/p>\n<p>A su vez, confirm\u00f3 que \u201cvamos a convocar a todos los Intendentes de la regi\u00f3n del Valle para encontrar la manera de avanzar en forma conjunta y buscar las soluciones necesarias. Nosotros ya pasamos por esto. Fue un golpe muy duro lo de Alpesca, con casi mil familias que quedaron en la calle, y fuimos encontrando alternativas para poder brindar nuevas fuentes de trabajo. Luego nos pas\u00f3 con Cer\u00e1mica San Lorenzo, y tampoco nos quedamos de brazos cruzados. De hecho, tuvimos en las \u00faltimas horas una reuni\u00f3n con inversionistas chinos que est\u00e1n interesados en la planta. A\u00fan no hay nada concreto, pero lo informaremos si es que se llega a un acuerdo\u201d.<br \/>\nY enfatiz\u00f3 que \u201ccomo regi\u00f3n debemos hacer lo propio con Sedamil. Estamos hablando de m\u00e1s de cien familias que se quedan sin trabajo en Trelew. Es un golpe duro\u201d.<br \/>\nAl ser consultado sobre la reuni\u00f3n de Intendentes, indic\u00f3 que \u201cdebo hablar con Adri\u00e1n (Maderna, de Trelew), Rossana (Artero, de Rawson), Mariano (Garc\u00eda Aranibar, Gaiman), y Dante (Bowen, Dolavon) para poder coordinar un d\u00eda en el que no tengamos una agenda demasiado amplia, y poder reunirnos en Madryn con el fin de dialogar, analizar, evaluar las situaciones de cada ciudad y buscar las alternativas m\u00e1s viables. Todos estamos preocupados por lo que viene sucediendo en el sector industrial, pero es momento de poder hablar entre todos y obtener soluciones concretas para estas familias\u201d.<\/p>\n<p><strong>Sin regionalismos<\/strong><\/p>\n<p>Admiti\u00f3 adem\u00e1s que \u201cluego de la reuni\u00f3n, nos juntaremos con el Gobernador Mariano Arcioni para brindarle nuestro punto de vista\u201d.<br \/>\n\u201cSiempre hemos dicho que de nada valen los regionalismos, cuando dirigentes de distintos puntos, pero de la misma Provincia, plantean peleas inertes que no ayudan en nada al crecimiento como conjunto. Pero en este caso, el hecho de avanzar como regi\u00f3n nos puede dar mucho mayor vuelo que si plante\u00e1ramos los problemas en modo particular. Precisamos de una vez por todas entender que, si a cada regi\u00f3n de Chubut le va bien, le ir\u00e1 bien a cada habitante de la Provincia en que vivimos. Ahora le toc\u00f3 a Trelew con Sedamil, pero son m\u00e1s de 100 familias chubutenses que quedan en la calle, y no podemos quedarnos sin hacer nada\u201d, cerr\u00f3 Sastre.<\/p>\n<h6>Fuente: El Diario de Madryn<\/h6>\n","protected":false},"excerpt":{"rendered":"<p>El intendente de Puerto Madryn, Ricardo Sastre, admiti\u00f3 su \u201cprofunda preocupaci\u00f3n por lo de Sedamil en Trelew. <\/p>\n","protected":false},"author":2,"featured_media":70389,"comment_status":"closed","ping_status":"closed","sticky":false,"template":"","format":"standard","meta":{"footnotes":""},"categories":[2],"tags":[14],"class_list":["post-70388","post","type-post","status-publish","format-standard","has-post-thumbnail","hentry","category-informe-municipal","tag-chubut"],"_links":{"self":[{"href":"http:\/\/argentinamunicipal.com.ar\/argentina\/wp-json\/wp\/v2\/posts\/70388","targetHints":{"allow":["GET"]}}],"collection":[{"href":"http:\/\/argentinamunicipal.com.ar\/argentina\/wp-json\/wp\/v2\/posts"}],"about":[{"href":"http:\/\/argentinamunicipal.com.ar\/argentina\/wp-json\/wp\/v2\/types\/post"}],"author":[{"embeddable":true,"href":"http:\/\/argentinamunicipal.com.ar\/argentina\/wp-json\/wp\/v2\/users\/2"}],"replies":[{"embeddable":true,"href":"http:\/\/argentinamunicipal.com.ar\/argentina\/wp-json\/wp\/v2\/comments?post=70388"}],"version-history":[{"count":0,"href":"http:\/\/argentinamunicipal.com.ar\/argentina\/wp-json\/wp\/v2\/posts\/70388\/revisions"}],"wp:featuredmedia":[{"embeddable":true,"href":"http:\/\/argentinamunicipal.com.ar\/argentina\/wp-json\/wp\/v2\/media\/70389"}],"wp:attachment":[{"href":"http:\/\/argentinamunicipal.com.ar\/argentina\/wp-json\/wp\/v2\/media?parent=70388"}],"wp:term":[{"taxonomy":"category","embeddable":true,"href":"http:\/\/argentinamunicipal.com.ar\/argentina\/wp-json\/wp\/v2\/categories?post=70388"},{"taxonomy":"post_tag","embeddable":true,"href":"http:\/\/argentinamunicipal.com.ar\/argentina\/wp-json\/wp\/v2\/tags?post=70388"}],"curies":[{"name":"wp","href":"https:\/\/api.w.org\/{rel}","templated":true}]}}