{"id":70782,"date":"2017-12-12T08:10:17","date_gmt":"2017-12-12T11:10:17","guid":{"rendered":"http:\/\/argentinamunicipal.com.ar\/argentina\/?p=70782"},"modified":"2017-12-12T08:10:17","modified_gmt":"2017-12-12T11:10:17","slug":"rosario-fein-cierra-la-saga-del-glifosato-envia-nuevo-texto-al-concejo","status":"publish","type":"post","link":"http:\/\/argentinamunicipal.com.ar\/argentina\/rosario-fein-cierra-la-saga-del-glifosato-envia-nuevo-texto-al-concejo\/","title":{"rendered":"Rosario: Fein cierra la saga del glifosato y env\u00eda un nuevo texto al Concejo"},"content":{"rendered":"<p>No vetar\u00e1 la norma que prohibi\u00f3 el uso del herbicida, pero tampoco la aplicar\u00e1. Eleva hoy una propuesta \u00abm\u00e1s amplia y superadora\u00bb.<\/p>\n<p>La intendenta M\u00f3nica Fein no vetar\u00e1 la ordenanza que proh\u00edbe la utilizaci\u00f3n del glifosato en Rosario, pero aclar\u00f3 que tampoco la aplicar\u00e1. La titular del poder Ejecutivo local adelant\u00f3 que hoy enviar\u00e1 al Concejo Municipal un mensaje con una propuesta m\u00e1s amplia y abarcadora, que entiende como una instancia superadora, para que se rediscuta la problem\u00e1tica de la producci\u00f3n de alimentos org\u00e1nicos en la ciudad dentro de ese espacio deliberativo.\u00bbCon este mensaje, en primer lugar queremos ratificar la vigencia de la ordenanza 8871 del 2011, que es muy completa y la estamos llevando adelante en sectores periurbanos de la ciudad\u00bb, remarc\u00f3 la intendenta, quien agreg\u00f3 que \u00abadem\u00e1s planteamos que restringir el uso de un solo producto deja la duda sobre otros, inclusive m\u00e1s nocivos, sobre si pueden ser aplicados\u00bb. En este marco, la mandataria coment\u00f3 que \u00abcon el objetivo de cuidar la salud de las personas y hacer una producci\u00f3n m\u00e1s sustentable, vamos a proponer que las 800 hect\u00e1reas que tienen peque\u00f1as producciones frutihort\u00edcolas en las zonas periurbanas puedan convertirse en una pr\u00e1ctica ecol\u00f3gica en el termino de tres a\u00f1os\u00bb.<\/p>\n<p>Fein confi\u00f3 que para eso se crear\u00e1 el programa Cintur\u00f3n Verde. \u00abEstar\u00e1 destinado a peque\u00f1os productores, vulnerables, para que puedan tener el acompa\u00f1amiento del Estado en el financiamiento, la capacitaci\u00f3n, la venta y la comercializaci\u00f3n, en este cambio de modelo productivo\u00bb.<\/p>\n<p>En ese sentido, asegur\u00f3 que el programa alcanzar\u00e1 \u00abla totalidad del borde periurbano de la ciudad, que son s\u00f3lo 800 hect\u00e1reas de las 17.600 que tiene la ciudad\u00bb. Sobre este tema, Fein destac\u00f3 que debe entenderse como \u00absector periurbano\u00bb, ya que \u00abRosario no tiene \u00e1rea rural\u00bb.<\/p>\n<p>Y explic\u00f3 que ese borde est\u00e1 compuesto por 1.300 parcelas de distintos tama\u00f1os, que en su mayor\u00eda pertenecen a peque\u00f1os productores.<\/p>\n<p>\u00abCreo que este tema no tuvo un tratamiento suficiente en el Concejo, por eso entendemos que tiene que volver para generar un debate m\u00e1s serio y profundo\u00bb, resalt\u00f3 con \u00e9nfasis.<\/p>\n<p>\u00abYo esper\u00e9 hasta el d\u00eda jueves, que era la \u00faltima sesi\u00f3n ordinaria que tuvo el Concejo anterior, para ver si surg\u00eda alg\u00fan replanteo en el tema. Y eso no se dio y no hubo acuerdos\u00bb, confes\u00f3 la mandataria.<\/p>\n<p>Y explic\u00f3: \u00abDecidimos mandar un mensaje al Concejo para poner las cosas en el marco normativo que tiene hoy Rosario. Porque la ordenanza que se aprob\u00f3 recientemente por unanimidad, no genera un marco adecuado de lo que pasa en Rosario, y no tiene en cuenta la ley vigente en la ciudad. Y adem\u00e1s posee muchos errores legislativos y t\u00e9cnicos\u00bb.<\/p>\n<p>En la misma direcci\u00f3n, precis\u00f3: \u00abAdem\u00e1s de la ley provincial actual, la ciudad en 2011 fij\u00f3 la ordenanza 8871, donde se define el l\u00edmite agron\u00f3mico, y los circunscribe a sectores de una extensi\u00f3n de 500 y 3 mil metros, donde se precisan las condiciones de utilizaci\u00f3n fitosanitarias\u00bb. Mientras advirti\u00f3 que \u00aben la planta urbana, los proh\u00edbe claramente. Y que eso quiere decir que en el 82 por ciento de la ciudad, hay restricciones contundentes, totales\u00bb.<\/p>\n<p>Al momento de argumentar su postura, Fein remarc\u00f3 que \u00abesta problem\u00e1tica afecta al sector periurbano, que son peque\u00f1as superficies en los bordes de la ciudad. Que no son \u00e1reas rurales, y son lugares donde se vienen cumpliendo las tareas que indica la ordenanza 8871, que ya plantea cambios en la manera de producci\u00f3n frutihort\u00edcola hacia una pr\u00e1ctica agroecol\u00f3gica\u00bb.<\/p>\n<h6>Fuente: La Capital<\/h6>\n","protected":false},"excerpt":{"rendered":"<p>No vetar\u00e1 la norma que prohibi\u00f3 el uso del herbicida, pero tampoco la aplicar\u00e1. Eleva hoy una propuesta \u00abm\u00e1s amplia y superadora\u00bb.<\/p>\n","protected":false},"author":2,"featured_media":70783,"comment_status":"closed","ping_status":"closed","sticky":false,"template":"","format":"standard","meta":{"footnotes":""},"categories":[2],"tags":[10],"class_list":["post-70782","post","type-post","status-publish","format-standard","has-post-thumbnail","hentry","category-informe-municipal","tag-santa-fe"],"_links":{"self":[{"href":"http:\/\/argentinamunicipal.com.ar\/argentina\/wp-json\/wp\/v2\/posts\/70782","targetHints":{"allow":["GET"]}}],"collection":[{"href":"http:\/\/argentinamunicipal.com.ar\/argentina\/wp-json\/wp\/v2\/posts"}],"about":[{"href":"http:\/\/argentinamunicipal.com.ar\/argentina\/wp-json\/wp\/v2\/types\/post"}],"author":[{"embeddable":true,"href":"http:\/\/argentinamunicipal.com.ar\/argentina\/wp-json\/wp\/v2\/users\/2"}],"replies":[{"embeddable":true,"href":"http:\/\/argentinamunicipal.com.ar\/argentina\/wp-json\/wp\/v2\/comments?post=70782"}],"version-history":[{"count":0,"href":"http:\/\/argentinamunicipal.com.ar\/argentina\/wp-json\/wp\/v2\/posts\/70782\/revisions"}],"wp:featuredmedia":[{"embeddable":true,"href":"http:\/\/argentinamunicipal.com.ar\/argentina\/wp-json\/wp\/v2\/media\/70783"}],"wp:attachment":[{"href":"http:\/\/argentinamunicipal.com.ar\/argentina\/wp-json\/wp\/v2\/media?parent=70782"}],"wp:term":[{"taxonomy":"category","embeddable":true,"href":"http:\/\/argentinamunicipal.com.ar\/argentina\/wp-json\/wp\/v2\/categories?post=70782"},{"taxonomy":"post_tag","embeddable":true,"href":"http:\/\/argentinamunicipal.com.ar\/argentina\/wp-json\/wp\/v2\/tags?post=70782"}],"curies":[{"name":"wp","href":"https:\/\/api.w.org\/{rel}","templated":true}]}}